{"id":9887,"date":"2023-01-13T08:02:50","date_gmt":"2023-01-13T08:02:50","guid":{"rendered":"http:\/\/szkolastraszyn.pruszczgdanski.pl\/?p=9887"},"modified":"2023-04-20T11:34:26","modified_gmt":"2023-04-20T11:34:26","slug":"basen-dla-dzieci-ktore-potrafia-plywac-nowy-nabor","status":"publish","type":"post","link":"https:\/\/szkolastraszyn.pruszczgdanski.pl\/?p=9887","title":{"rendered":"Basen dla dzieci, kt\u00f3re potrafi\u0105 p\u0142ywa\u0107 &#8211; nowy nab\u00f3r"},"content":{"rendered":"\t\t<div data-elementor-type=\"wp-post\" data-elementor-id=\"9887\" class=\"elementor elementor-9887\">\n\t\t\t\t\t\t<section class=\"elementor-section elementor-top-section elementor-element elementor-element-39db4c9 elementor-section-boxed elementor-section-height-default elementor-section-height-default\" data-id=\"39db4c9\" data-element_type=\"section\" data-e-type=\"section\">\n\t\t\t\t\t\t<div class=\"elementor-container elementor-column-gap-default\">\n\t\t\t\t\t<div class=\"elementor-column elementor-col-100 elementor-top-column elementor-element elementor-element-04cdf18\" data-id=\"04cdf18\" data-element_type=\"column\" data-e-type=\"column\">\n\t\t\t<div class=\"elementor-widget-wrap elementor-element-populated\">\n\t\t\t\t\t\t<div class=\"elementor-element elementor-element-5e8add4 elementor-widget elementor-widget-text-editor\" data-id=\"5e8add4\" data-element_type=\"widget\" data-e-type=\"widget\" data-widget_type=\"text-editor.default\">\n\t\t\t\t<div class=\"elementor-widget-container\">\n\t\t\t\t\t\t\t\t\t<p><span style=\"color: #003366;\"><strong>\u00a0Od poniedzia\u0142ku 6 lutego 2023r. o godzinie 16:00 uczniowie <\/strong><strong>Naszej szko\u0142y, UMIEJ\u0104CY P\u0141YWA\u0106, b\u0119d\u0105 mogli korzysta\u0107 z basenu przy szkole Podstawowej nr 3 \u00a0w Pruszczu Gda\u0144skim. Basen ten finansowany jest <\/strong><strong>ze \u015brodk\u00f3w Gminnego Programu Profilaktyki i Rozwi\u0105zywania Problem\u00f3w Alkoholowych oraz Przeciwdzia\u0142ania Narkomanii dla Gminy Pruszcz Gda\u0144ski <\/strong><strong>na rok 2023.\u00a0\u00a0\u00a0\u00a0\u00a0 <\/strong><\/span><\/p><p><span style=\"color: #003366;\"><strong>Wyjazd na basen b\u0119dzie mia\u0142 miejsce o godzinie 15:15 z dolnego parkingu <\/strong><strong>przy szkole, a powr\u00f3t \u00a0oko\u0142o godziny 17:10.<\/strong><\/span><\/p><p><span style=\"color: #003366;\"><strong>Do ko\u0144ca roku szkolnego 2022\/2023 koszt wyjazd\u00f3w wynosi 360 z\u0142.<\/strong><\/span><\/p><p><span style=\"color: #003366;\"><strong>Zapraszamy do zapisywania uczni\u00f3w, jednocze\u015bnie z uiszczeniem w\/w op\u0142aty.<\/strong><\/span><\/p><p><span style=\"color: #003366;\"><strong>Mamy do dyspozycji 30 wolnych miejsc.<\/strong><\/span><\/p><p><span style=\"color: #003366;\"><strong>Obowi\u0105zuje kolejno\u015b\u0107 zg\u0142osze\u0144, w\u0142\u0105cznie z wp\u0142at\u0105 pieni\u0105\u017ck\u00f3w.<\/strong><\/span><\/p><p><span style=\"color: #003366;\"><strong>Zg\u0142oszenia wraz z pieni\u0105\u017ckami przyjmowa\u0107 b\u0119dzie p. intendentka Iwona Mazerant <\/strong><strong>w pokoju 19.<\/strong><\/span><\/p>\t\t\t\t\t\t\t\t<\/div>\n\t\t\t\t<\/div>\n\t\t\t\t\t<\/div>\n\t\t<\/div>\n\t\t\t\t\t<\/div>\n\t\t<\/section>\n\t\t\t\t<\/div>\n\t\t","protected":false},"excerpt":{"rendered":"<p>&nbsp;Od poniedzia\u0142ku 6 lutego 2023r. o godzinie 16:00 uczniowie Naszej szko\u0142y, UMIEJ\u0104CY P\u0141YWA\u0106, b\u0119d\u0105 mogli korzysta\u0107 z basenu przy szkole Podstawowej nr 3 &nbsp;w Pruszczu Gda\u0144skim. Basen ten finansowany jest ze \u015brodk\u00f3w Gminnego Programu Profilaktyki i Rozwi\u0105zywania Problem\u00f3w Alkoholowych oraz Przeciwdzia\u0142ania Narkomanii dla Gminy Pruszcz Gda\u0144ski na rok 2023.&nbsp;&nbsp;&nbsp;&nbsp;&nbsp; Wyjazd na basen b\u0119dzie mia\u0142 miejsce o godzinie 15:15 z dolnego parkingu przy szkole, a powr\u00f3t &nbsp;oko\u0142o godziny 17:10. Do ko\u0144ca roku szkolnego 2022\/2023 koszt wyjazd\u00f3w wynosi 360 z\u0142. Zapraszamy do zapisywania uczni\u00f3w, jednocze\u015bnie z uiszczeniem w\/w op\u0142aty. Mamy do dyspozycji 30 wolnych miejsc. Obowi\u0105zuje kolejno\u015b\u0107 zg\u0142osze\u0144, w\u0142\u0105cznie z wp\u0142at\u0105 pieni\u0105\u017ck\u00f3w. Zg\u0142oszenia wraz z pieni\u0105\u017ckami przyjmowa\u0107 b\u0119dzie p. intendentka Iwona Mazerant w pokoju 19.<\/p>\n","protected":false},"author":1,"featured_media":0,"comment_status":"closed","ping_status":"closed","sticky":false,"template":"","format":"standard","meta":{"footnotes":""},"categories":[20],"tags":[],"class_list":["post-9887","post","type-post","status-publish","format-standard","hentry","category-aktualnosci"],"_links":{"self":[{"href":"https:\/\/szkolastraszyn.pruszczgdanski.pl\/index.php?rest_route=\/wp\/v2\/posts\/9887","targetHints":{"allow":["GET"]}}],"collection":[{"href":"https:\/\/szkolastraszyn.pruszczgdanski.pl\/index.php?rest_route=\/wp\/v2\/posts"}],"about":[{"href":"https:\/\/szkolastraszyn.pruszczgdanski.pl\/index.php?rest_route=\/wp\/v2\/types\/post"}],"author":[{"embeddable":true,"href":"https:\/\/szkolastraszyn.pruszczgdanski.pl\/index.php?rest_route=\/wp\/v2\/users\/1"}],"replies":[{"embeddable":true,"href":"https:\/\/szkolastraszyn.pruszczgdanski.pl\/index.php?rest_route=%2Fwp%2Fv2%2Fcomments&post=9887"}],"version-history":[{"count":5,"href":"https:\/\/szkolastraszyn.pruszczgdanski.pl\/index.php?rest_route=\/wp\/v2\/posts\/9887\/revisions"}],"predecessor-version":[{"id":10493,"href":"https:\/\/szkolastraszyn.pruszczgdanski.pl\/index.php?rest_route=\/wp\/v2\/posts\/9887\/revisions\/10493"}],"wp:attachment":[{"href":"https:\/\/szkolastraszyn.pruszczgdanski.pl\/index.php?rest_route=%2Fwp%2Fv2%2Fmedia&parent=9887"}],"wp:term":[{"taxonomy":"category","embeddable":true,"href":"https:\/\/szkolastraszyn.pruszczgdanski.pl\/index.php?rest_route=%2Fwp%2Fv2%2Fcategories&post=9887"},{"taxonomy":"post_tag","embeddable":true,"href":"https:\/\/szkolastraszyn.pruszczgdanski.pl\/index.php?rest_route=%2Fwp%2Fv2%2Ftags&post=9887"}],"curies":[{"name":"wp","href":"https:\/\/api.w.org\/{rel}","templated":true}]}}