{"id":9621,"date":"2022-12-09T18:17:52","date_gmt":"2022-12-09T18:17:52","guid":{"rendered":"http:\/\/szkolastraszyn.pruszczgdanski.pl\/?p=9621"},"modified":"2022-12-09T18:20:10","modified_gmt":"2022-12-09T18:20:10","slug":"kartki-swiateczne","status":"publish","type":"post","link":"https:\/\/szkolastraszyn.pruszczgdanski.pl\/?p=9621","title":{"rendered":"Kartki \u015bwi\u0105teczne"},"content":{"rendered":"\t\t<div data-elementor-type=\"wp-post\" data-elementor-id=\"9621\" class=\"elementor elementor-9621\">\n\t\t\t\t\t\t<section class=\"elementor-section elementor-top-section elementor-element elementor-element-5906770 elementor-section-boxed elementor-section-height-default elementor-section-height-default\" data-id=\"5906770\" data-element_type=\"section\" data-e-type=\"section\">\n\t\t\t\t\t\t<div class=\"elementor-container elementor-column-gap-default\">\n\t\t\t\t\t<div class=\"elementor-column elementor-col-100 elementor-top-column elementor-element elementor-element-c9afc17\" data-id=\"c9afc17\" data-element_type=\"column\" data-e-type=\"column\">\n\t\t\t<div class=\"elementor-widget-wrap elementor-element-populated\">\n\t\t\t\t\t\t<div class=\"elementor-element elementor-element-4b25a00 elementor-widget elementor-widget-text-editor\" data-id=\"4b25a00\" data-element_type=\"widget\" data-e-type=\"widget\" data-widget_type=\"text-editor.default\">\n\t\t\t\t<div class=\"elementor-widget-container\">\n\t\t\t\t\t\t\t\t\t<h5><span class=\"x193iq5w xeuugli x13faqbe x1vvkbs x1xmvt09 x1lliihq x1s928wv xhkezso x1gmr53x x1cpjm7i x1fgarty x1943h6x xudqn12 x3x7a5m x6prxxf xvq8zen xo1l8bm xzsf02u x1yc453h\" dir=\"auto\">Zbli\u017ca si\u0119 coraz pr\u0119dzej wa\u017cny i cudowny czas w roku, czas rado\u015bci i szcz\u0119\u015bcia, sp\u0119dzanego w gronie rodzinnym. Dla niekt\u00f3rych jest to jednak okres melancholii i samotnie sp\u0119dzonych dni. Klasy 3e, 3d i 3a po\u0142\u0105czy\u0142y dwie akcje cudowne &#8211; &#8222;Id\u0105 \u015bwi\u0119ta, nie o smsie, a o kartce pami\u0119taj&#8221; nadzorowan\u0105 w naszej szkole przez p. Marzen\u0119 Kwiecie\u0144 oraz &#8222;Kartka dla seniora&#8221; nad kt\u00f3r\u0105 patronat obj\u0119\u0142a p. Ewelina Szarmach- Pomaska w jedn\u0105. Oto efekty pracy dzieci &#8211; pi\u0119kne kartki, kt\u00f3re trafi\u0105 do okolicznego Domu Seniora i, miejmy nadziej\u0119, wywo\u0142aj\u0105 u\u015bmiech na twarzach jego pensjonariuszy.<\/span><\/h5>\t\t\t\t\t\t\t\t<\/div>\n\t\t\t\t<\/div>\n\t\t\t\t\t<\/div>\n\t\t<\/div>\n\t\t\t\t\t<\/div>\n\t\t<\/section>\n\t\t\t\t<section class=\"elementor-section elementor-top-section elementor-element elementor-element-738d451 elementor-section-boxed elementor-section-height-default elementor-section-height-default\" data-id=\"738d451\" data-element_type=\"section\" data-e-type=\"section\">\n\t\t\t\t\t\t<div class=\"elementor-container elementor-column-gap-default\">\n\t\t\t\t\t<div class=\"elementor-column elementor-col-33 elementor-top-column elementor-element elementor-element-2c66a74\" data-id=\"2c66a74\" data-element_type=\"column\" data-e-type=\"column\">\n\t\t\t<div class=\"elementor-widget-wrap elementor-element-populated\">\n\t\t\t\t\t\t<div class=\"elementor-element elementor-element-fc54741 elementor-widget elementor-widget-image\" data-id=\"fc54741\" data-element_type=\"widget\" data-e-type=\"widget\" data-widget_type=\"image.default\">\n\t\t\t\t<div class=\"elementor-widget-container\">\n\t\t\t\t\t\t\t\t\t\t\t\t\t\t\t<img fetchpriority=\"high\" decoding=\"async\" width=\"745\" height=\"1024\" src=\"https:\/\/szkolastraszyn.pruszczgdanski.pl\/wp-content\/uploads\/2022\/12\/IMG_20221209_151658-745x1024.jpg\" class=\"attachment-large size-large wp-image-9624\" alt=\"\" srcset=\"https:\/\/szkolastraszyn.pruszczgdanski.pl\/wp-content\/uploads\/2022\/12\/IMG_20221209_151658-745x1024.jpg 745w, https:\/\/szkolastraszyn.pruszczgdanski.pl\/wp-content\/uploads\/2022\/12\/IMG_20221209_151658-218x300.jpg 218w, https:\/\/szkolastraszyn.pruszczgdanski.pl\/wp-content\/uploads\/2022\/12\/IMG_20221209_151658-768x1056.jpg 768w, https:\/\/szkolastraszyn.pruszczgdanski.pl\/wp-content\/uploads\/2022\/12\/IMG_20221209_151658-1117x1536.jpg 1117w, https:\/\/szkolastraszyn.pruszczgdanski.pl\/wp-content\/uploads\/2022\/12\/IMG_20221209_151658-1490x2048.jpg 1490w, https:\/\/szkolastraszyn.pruszczgdanski.pl\/wp-content\/uploads\/2022\/12\/IMG_20221209_151658-1140x1567.jpg 1140w, https:\/\/szkolastraszyn.pruszczgdanski.pl\/wp-content\/uploads\/2022\/12\/IMG_20221209_151658-scaled.jpg 1862w\" sizes=\"(max-width: 745px) 100vw, 745px\" \/>\t\t\t\t\t\t\t\t\t\t\t\t\t\t\t<\/div>\n\t\t\t\t<\/div>\n\t\t\t\t\t<\/div>\n\t\t<\/div>\n\t\t\t\t<div class=\"elementor-column elementor-col-33 elementor-top-column elementor-element elementor-element-26af12f\" data-id=\"26af12f\" data-element_type=\"column\" data-e-type=\"column\">\n\t\t\t<div class=\"elementor-widget-wrap elementor-element-populated\">\n\t\t\t\t\t\t<div class=\"elementor-element elementor-element-87d61cb elementor-widget elementor-widget-image\" data-id=\"87d61cb\" data-element_type=\"widget\" data-e-type=\"widget\" data-widget_type=\"image.default\">\n\t\t\t\t<div class=\"elementor-widget-container\">\n\t\t\t\t\t\t\t\t\t\t\t\t\t\t\t<img decoding=\"async\" width=\"960\" height=\"720\" src=\"https:\/\/szkolastraszyn.pruszczgdanski.pl\/wp-content\/uploads\/2022\/12\/IMG20221209151201-1024x768.jpg\" class=\"attachment-large size-large wp-image-9625\" alt=\"\" srcset=\"https:\/\/szkolastraszyn.pruszczgdanski.pl\/wp-content\/uploads\/2022\/12\/IMG20221209151201-1024x768.jpg 1024w, https:\/\/szkolastraszyn.pruszczgdanski.pl\/wp-content\/uploads\/2022\/12\/IMG20221209151201-300x225.jpg 300w, https:\/\/szkolastraszyn.pruszczgdanski.pl\/wp-content\/uploads\/2022\/12\/IMG20221209151201-768x576.jpg 768w, https:\/\/szkolastraszyn.pruszczgdanski.pl\/wp-content\/uploads\/2022\/12\/IMG20221209151201-1536x1152.jpg 1536w, https:\/\/szkolastraszyn.pruszczgdanski.pl\/wp-content\/uploads\/2022\/12\/IMG20221209151201-2048x1536.jpg 2048w, https:\/\/szkolastraszyn.pruszczgdanski.pl\/wp-content\/uploads\/2022\/12\/IMG20221209151201-1140x855.jpg 1140w\" sizes=\"(max-width: 960px) 100vw, 960px\" \/>\t\t\t\t\t\t\t\t\t\t\t\t\t\t\t<\/div>\n\t\t\t\t<\/div>\n\t\t\t\t\t<\/div>\n\t\t<\/div>\n\t\t\t\t<div class=\"elementor-column elementor-col-33 elementor-top-column elementor-element elementor-element-9e3eb04\" data-id=\"9e3eb04\" data-element_type=\"column\" data-e-type=\"column\">\n\t\t\t<div class=\"elementor-widget-wrap elementor-element-populated\">\n\t\t\t\t\t\t<div class=\"elementor-element elementor-element-5aa6af7 elementor-widget elementor-widget-image\" data-id=\"5aa6af7\" data-element_type=\"widget\" data-e-type=\"widget\" data-widget_type=\"image.default\">\n\t\t\t\t<div class=\"elementor-widget-container\">\n\t\t\t\t\t\t\t\t\t\t\t\t\t\t\t<img decoding=\"async\" width=\"960\" height=\"720\" src=\"https:\/\/szkolastraszyn.pruszczgdanski.pl\/wp-content\/uploads\/2022\/12\/IMG_20221209_1516031-1024x768.jpg\" class=\"attachment-large size-large wp-image-9623\" alt=\"\" srcset=\"https:\/\/szkolastraszyn.pruszczgdanski.pl\/wp-content\/uploads\/2022\/12\/IMG_20221209_1516031-1024x768.jpg 1024w, https:\/\/szkolastraszyn.pruszczgdanski.pl\/wp-content\/uploads\/2022\/12\/IMG_20221209_1516031-300x225.jpg 300w, https:\/\/szkolastraszyn.pruszczgdanski.pl\/wp-content\/uploads\/2022\/12\/IMG_20221209_1516031-768x576.jpg 768w, https:\/\/szkolastraszyn.pruszczgdanski.pl\/wp-content\/uploads\/2022\/12\/IMG_20221209_1516031-1536x1152.jpg 1536w, https:\/\/szkolastraszyn.pruszczgdanski.pl\/wp-content\/uploads\/2022\/12\/IMG_20221209_1516031-2048x1536.jpg 2048w, https:\/\/szkolastraszyn.pruszczgdanski.pl\/wp-content\/uploads\/2022\/12\/IMG_20221209_1516031-1140x855.jpg 1140w\" sizes=\"(max-width: 960px) 100vw, 960px\" \/>\t\t\t\t\t\t\t\t\t\t\t\t\t\t\t<\/div>\n\t\t\t\t<\/div>\n\t\t\t\t\t<\/div>\n\t\t<\/div>\n\t\t\t\t\t<\/div>\n\t\t<\/section>\n\t\t\t\t<\/div>\n\t\t","protected":false},"excerpt":{"rendered":"<p>Zbli\u017ca si\u0119 coraz pr\u0119dzej wa\u017cny i cudowny czas w roku, czas rado\u015bci i szcz\u0119\u015bcia, sp\u0119dzanego w gronie rodzinnym. Dla niekt\u00f3rych jest to jednak okres melancholii i samotnie sp\u0119dzonych dni. Klasy 3e, 3d i 3a po\u0142\u0105czy\u0142y dwie akcje cudowne &#8211; &#8222;Id\u0105 \u015bwi\u0119ta, nie o smsie, a o kartce pami\u0119taj&#8221; nadzorowan\u0105 w naszej szkole przez p. Marzen\u0119 Kwiecie\u0144 oraz &#8222;Kartka dla seniora&#8221; nad kt\u00f3r\u0105 patronat obj\u0119\u0142a p. Ewelina Szarmach- Pomaska w jedn\u0105. Oto efekty pracy dzieci &#8211; pi\u0119kne kartki, kt\u00f3re trafi\u0105 do okolicznego Domu Seniora i, miejmy nadziej\u0119, wywo\u0142aj\u0105 u\u015bmiech na twarzach jego pensjonariuszy.<\/p>\n","protected":false},"author":1,"featured_media":0,"comment_status":"closed","ping_status":"closed","sticky":false,"template":"","format":"standard","meta":{"footnotes":""},"categories":[20,3,4],"tags":[],"class_list":["post-9621","post","type-post","status-publish","format-standard","hentry","category-aktualnosci","category-rodzice","category-uczniowie"],"_links":{"self":[{"href":"https:\/\/szkolastraszyn.pruszczgdanski.pl\/index.php?rest_route=\/wp\/v2\/posts\/9621","targetHints":{"allow":["GET"]}}],"collection":[{"href":"https:\/\/szkolastraszyn.pruszczgdanski.pl\/index.php?rest_route=\/wp\/v2\/posts"}],"about":[{"href":"https:\/\/szkolastraszyn.pruszczgdanski.pl\/index.php?rest_route=\/wp\/v2\/types\/post"}],"author":[{"embeddable":true,"href":"https:\/\/szkolastraszyn.pruszczgdanski.pl\/index.php?rest_route=\/wp\/v2\/users\/1"}],"replies":[{"embeddable":true,"href":"https:\/\/szkolastraszyn.pruszczgdanski.pl\/index.php?rest_route=%2Fwp%2Fv2%2Fcomments&post=9621"}],"version-history":[{"count":4,"href":"https:\/\/szkolastraszyn.pruszczgdanski.pl\/index.php?rest_route=\/wp\/v2\/posts\/9621\/revisions"}],"predecessor-version":[{"id":9628,"href":"https:\/\/szkolastraszyn.pruszczgdanski.pl\/index.php?rest_route=\/wp\/v2\/posts\/9621\/revisions\/9628"}],"wp:attachment":[{"href":"https:\/\/szkolastraszyn.pruszczgdanski.pl\/index.php?rest_route=%2Fwp%2Fv2%2Fmedia&parent=9621"}],"wp:term":[{"taxonomy":"category","embeddable":true,"href":"https:\/\/szkolastraszyn.pruszczgdanski.pl\/index.php?rest_route=%2Fwp%2Fv2%2Fcategories&post=9621"},{"taxonomy":"post_tag","embeddable":true,"href":"https:\/\/szkolastraszyn.pruszczgdanski.pl\/index.php?rest_route=%2Fwp%2Fv2%2Ftags&post=9621"}],"curies":[{"name":"wp","href":"https:\/\/api.w.org\/{rel}","templated":true}]}}