{"id":9616,"date":"2022-12-09T18:09:54","date_gmt":"2022-12-09T18:09:54","guid":{"rendered":"http:\/\/szkolastraszyn.pruszczgdanski.pl\/?p=9616"},"modified":"2022-12-12T13:59:27","modified_gmt":"2022-12-12T13:59:27","slug":"konkurs-instalogik","status":"publish","type":"post","link":"https:\/\/szkolastraszyn.pruszczgdanski.pl\/?p=9616","title":{"rendered":"Konkurs InstaLogik"},"content":{"rendered":"\t\t<div data-elementor-type=\"wp-post\" data-elementor-id=\"9616\" class=\"elementor elementor-9616\">\n\t\t\t\t\t\t<section class=\"elementor-section elementor-top-section elementor-element elementor-element-422fd66 elementor-section-boxed elementor-section-height-default elementor-section-height-default\" data-id=\"422fd66\" data-element_type=\"section\" data-e-type=\"section\">\n\t\t\t\t\t\t<div class=\"elementor-container elementor-column-gap-default\">\n\t\t\t\t\t<div class=\"elementor-column elementor-col-100 elementor-top-column elementor-element elementor-element-a58f92f\" data-id=\"a58f92f\" data-element_type=\"column\" data-e-type=\"column\">\n\t\t\t<div class=\"elementor-widget-wrap elementor-element-populated\">\n\t\t\t\t\t\t<div class=\"elementor-element elementor-element-084ca06 elementor-widget elementor-widget-text-editor\" data-id=\"084ca06\" data-element_type=\"widget\" data-e-type=\"widget\" data-widget_type=\"text-editor.default\">\n\t\t\t\t<div class=\"elementor-widget-container\">\n\t\t\t\t\t\t\t\t\t<h4>Konkurs InstaLogik<\/h4><h4>Uczniowie naszej szko\u0142y w tym roku po raz pierwszy uczestniczyli w konkursie matematyczno-informatycznym dla uczni\u00f3w klas 4-8 SP InstaLogik.<\/h4><h4>Konkurs realizowany jest w ca\u0142o\u015bci on-line.<br \/>\u00a0Do drugiego etapu zakwalifikowa\u0142o si\u0119 troje uczni\u00f3w: Alicja Lisowska, Mateusz \u0141apko i Pawe\u0142 Kostkiewicz. Og\u00f3lnie, w konkursie wzi\u0119\u0142o udzia\u0142 8905 uczni\u00f3w z 1197 szk\u00f3\u0142 z ca\u0142ej Polski. Cieszymy si\u0119, \u017ce w tym gronie znalaz\u0142a si\u0119 reprezentacja naszej szko\u0142y.<\/h4><h4>Gratulujemy sukcesu i \u017cyczymy powodzenia w nast\u0119pnym etapie.<\/h4>\t\t\t\t\t\t\t\t<\/div>\n\t\t\t\t<\/div>\n\t\t\t\t\t<\/div>\n\t\t<\/div>\n\t\t\t\t\t<\/div>\n\t\t<\/section>\n\t\t\t\t<\/div>\n\t\t","protected":false},"excerpt":{"rendered":"<p>Konkurs InstaLogik Uczniowie naszej szko\u0142y w tym roku po raz pierwszy uczestniczyli w konkursie matematyczno-informatycznym dla uczni\u00f3w klas 4-8 SP InstaLogik. Konkurs realizowany jest w ca\u0142o\u015bci on-line.\u00a0Do drugiego etapu zakwalifikowa\u0142o si\u0119 troje uczni\u00f3w: Alicja Lisowska, Mateusz \u0141apko i Pawe\u0142 Kostkiewicz. Og\u00f3lnie, w konkursie wzi\u0119\u0142o udzia\u0142 8905 uczni\u00f3w z 1197 szk\u00f3\u0142 z ca\u0142ej Polski. Cieszymy si\u0119, \u017ce w tym gronie znalaz\u0142a si\u0119 reprezentacja naszej szko\u0142y. Gratulujemy sukcesu i \u017cyczymy powodzenia w nast\u0119pnym etapie.<\/p>\n","protected":false},"author":1,"featured_media":0,"comment_status":"closed","ping_status":"closed","sticky":false,"template":"","format":"standard","meta":{"footnotes":""},"categories":[20,3,4],"tags":[],"class_list":["post-9616","post","type-post","status-publish","format-standard","hentry","category-aktualnosci","category-rodzice","category-uczniowie"],"_links":{"self":[{"href":"https:\/\/szkolastraszyn.pruszczgdanski.pl\/index.php?rest_route=\/wp\/v2\/posts\/9616","targetHints":{"allow":["GET"]}}],"collection":[{"href":"https:\/\/szkolastraszyn.pruszczgdanski.pl\/index.php?rest_route=\/wp\/v2\/posts"}],"about":[{"href":"https:\/\/szkolastraszyn.pruszczgdanski.pl\/index.php?rest_route=\/wp\/v2\/types\/post"}],"author":[{"embeddable":true,"href":"https:\/\/szkolastraszyn.pruszczgdanski.pl\/index.php?rest_route=\/wp\/v2\/users\/1"}],"replies":[{"embeddable":true,"href":"https:\/\/szkolastraszyn.pruszczgdanski.pl\/index.php?rest_route=%2Fwp%2Fv2%2Fcomments&post=9616"}],"version-history":[{"count":10,"href":"https:\/\/szkolastraszyn.pruszczgdanski.pl\/index.php?rest_route=\/wp\/v2\/posts\/9616\/revisions"}],"predecessor-version":[{"id":9645,"href":"https:\/\/szkolastraszyn.pruszczgdanski.pl\/index.php?rest_route=\/wp\/v2\/posts\/9616\/revisions\/9645"}],"wp:attachment":[{"href":"https:\/\/szkolastraszyn.pruszczgdanski.pl\/index.php?rest_route=%2Fwp%2Fv2%2Fmedia&parent=9616"}],"wp:term":[{"taxonomy":"category","embeddable":true,"href":"https:\/\/szkolastraszyn.pruszczgdanski.pl\/index.php?rest_route=%2Fwp%2Fv2%2Fcategories&post=9616"},{"taxonomy":"post_tag","embeddable":true,"href":"https:\/\/szkolastraszyn.pruszczgdanski.pl\/index.php?rest_route=%2Fwp%2Fv2%2Ftags&post=9616"}],"curies":[{"name":"wp","href":"https:\/\/api.w.org\/{rel}","templated":true}]}}