{"id":9611,"date":"2022-12-09T07:48:27","date_gmt":"2022-12-09T07:48:27","guid":{"rendered":"https:\/\/szkolastraszyn.pruszczgdanski.pl\/?p=9611"},"modified":"2022-12-09T07:49:31","modified_gmt":"2022-12-09T07:49:31","slug":"wojewodzki-konkurs-literacki-niedokonczone-historie-wyniki","status":"publish","type":"post","link":"https:\/\/szkolastraszyn.pruszczgdanski.pl\/?p=9611","title":{"rendered":"Wojew\u00f3dzki Konkurs Literacki &#8222;Niedoko\u0144czone historie&#8221; &#8211; wyniki"},"content":{"rendered":"\t\t<div data-elementor-type=\"wp-post\" data-elementor-id=\"9611\" class=\"elementor elementor-9611\">\n\t\t\t\t\t\t<section class=\"elementor-section elementor-top-section elementor-element elementor-element-5ab855a elementor-section-boxed elementor-section-height-default elementor-section-height-default\" data-id=\"5ab855a\" data-element_type=\"section\" data-e-type=\"section\">\n\t\t\t\t\t\t<div class=\"elementor-container elementor-column-gap-default\">\n\t\t\t\t\t<div class=\"elementor-column elementor-col-100 elementor-top-column elementor-element elementor-element-f121cf2\" data-id=\"f121cf2\" data-element_type=\"column\" data-e-type=\"column\">\n\t\t\t<div class=\"elementor-widget-wrap elementor-element-populated\">\n\t\t\t\t\t\t<div class=\"elementor-element elementor-element-8c6513c elementor-widget elementor-widget-text-editor\" data-id=\"8c6513c\" data-element_type=\"widget\" data-e-type=\"widget\" data-widget_type=\"text-editor.default\">\n\t\t\t\t<div class=\"elementor-widget-container\">\n\t\t\t\t\t\t\t\t\t<h3><span style=\"color: #008000;\"><strong>Wojew\u00f3dzki konkurs literacki \u201eNiedoko\u0144czone historie\u201d<\/strong><\/span><\/h3><h3><span style=\"color: #008000;\"><strong>dla klas VII &#8211; VIII<\/strong><\/span><\/h3><h3><span style=\"color: #008000;\">Znamy wyniki Szkolnego konkursu literackiego \u201eNiedoko\u0144czone historie\u201d, <\/span><br \/><span style=\"color: #008000;\">w kt\u00f3rym zdaniem uczni\u00f3w by\u0142o napisanie opowiadania kryminalnego. Praca musia\u0142a zawiera\u0107 od 500 do 1000 s\u0142\u00f3w i by\u0107 napisana na komputerze. Jak wiadomo, napisanie tak obszernej pracy \u0142atwe nie jest. Jednak nie zniech\u0119ci\u0142o to uczni\u00f3w. W konkursie wzi\u0119li udzia\u0142:<\/span><\/h3><h3><span style=\"color: #008000;\">Brz\u0119czek \u2013 Eklov Karolina VII b<\/span><\/h3><h3><span style=\"color: #008000;\">Kajrys Jakub VII d<\/span><\/h3><h3><span style=\"color: #008000;\">Kasprzyk Marianna VIII e<\/span><\/h3><h3><span style=\"color: #008000;\">Kosiorek Olga VII b<\/span><\/h3><h3><span style=\"color: #008000;\">Lizahub Anastasiya VII a<\/span><\/h3><h3><span style=\"color: #008000;\">Michno Julian VII c<\/span><\/h3><h3><span style=\"color: #008000;\">Piskorski Wojciech VII b<\/span><\/h3><h3><span style=\"color: #008000;\">Sobczyk Micha\u0142 VII b<\/span><\/h3><h3><span style=\"color: #008000;\">\u00a0Sza\u0142aj Emilia VII a<\/span><\/h3><h3><span style=\"color: #008000;\">Tadajewski \u2013 Tkaczy\u0144ski Wiktor VII b<\/span><\/h3><h3><span style=\"color: #008000;\">\u017bochowski Micha\u0142 VII b<\/span><\/h3><h3><span style=\"color: #008000;\">Prace oceniane by\u0142y zgodnie z kryteriami oceny wypracowa\u0144 egzaminacyjnych. Wa\u017cne by\u0142a tw\u00f3rcza realizacja tematu oraz \u00a0poprawno\u015bci j\u0119zykowa, ortograficznej <\/span><br \/><span style=\"color: #008000;\">i interpunkcyjnej. Spo\u015br\u00f3d 11 prac zosta\u0142y wybrane trzy najlepsze uczni\u00f3w:<\/span><\/h3><h3><span style=\"color: #008000;\"><strong>I miejsce Jakub Kajrys <\/strong><\/span><\/h3><h3><span style=\"color: #008000;\"><strong>II miejsce Emilia Sza\u0142aj<\/strong><\/span><\/h3><h3><span style=\"color: #008000;\"><strong>III miejsce Micha\u0142 Sobczyk<\/strong><\/span><\/h3><h3><span style=\"color: #008000;\">Dzi\u0119kuj\u0119 i gratulacj\u0119 wszystkim uczniom i nauczycielom, kt\u00f3rzy pomagaj\u0105 rozwija\u0107 swoje talenty.<\/span><\/h3><h3><span style=\"color: #008000;\">Monika Osi\u0144ska<\/span><\/h3>\t\t\t\t\t\t\t\t<\/div>\n\t\t\t\t<\/div>\n\t\t\t\t\t<\/div>\n\t\t<\/div>\n\t\t\t\t\t<\/div>\n\t\t<\/section>\n\t\t\t\t<\/div>\n\t\t","protected":false},"excerpt":{"rendered":"<p>Wojew\u00f3dzki konkurs literacki \u201eNiedoko\u0144czone historie\u201d dla klas VII &#8211; VIII Znamy wyniki Szkolnego konkursu literackiego \u201eNiedoko\u0144czone historie\u201d, w kt\u00f3rym zdaniem uczni\u00f3w by\u0142o napisanie opowiadania kryminalnego. Praca musia\u0142a zawiera\u0107 od 500 do 1000 s\u0142\u00f3w i by\u0107 napisana na komputerze. Jak wiadomo, napisanie tak obszernej pracy \u0142atwe nie jest. Jednak nie zniech\u0119ci\u0142o to uczni\u00f3w. W konkursie wzi\u0119li udzia\u0142: Brz\u0119czek \u2013 Eklov Karolina VII b Kajrys Jakub VII d Kasprzyk Marianna VIII e Kosiorek Olga VII b Lizahub Anastasiya VII a Michno Julian VII c Piskorski Wojciech VII b Sobczyk Micha\u0142 VII b \u00a0Sza\u0142aj Emilia VII a Tadajewski \u2013 Tkaczy\u0144ski Wiktor VII b \u017bochowski Micha\u0142 VII b Prace oceniane by\u0142y zgodnie z kryteriami oceny wypracowa\u0144 egzaminacyjnych. Wa\u017cne by\u0142a tw\u00f3rcza realizacja tematu oraz \u00a0poprawno\u015bci j\u0119zykowa, ortograficznej i interpunkcyjnej. Spo\u015br\u00f3d 11 prac zosta\u0142y wybrane trzy najlepsze uczni\u00f3w: I miejsce Jakub Kajrys II miejsce Emilia Sza\u0142aj III miejsce Micha\u0142 Sobczyk Dzi\u0119kuj\u0119 i gratulacj\u0119 wszystkim uczniom i nauczycielom, kt\u00f3rzy pomagaj\u0105 rozwija\u0107 swoje talenty. Monika Osi\u0144ska<\/p>\n","protected":false},"author":1,"featured_media":0,"comment_status":"closed","ping_status":"closed","sticky":false,"template":"","format":"standard","meta":{"footnotes":""},"categories":[20],"tags":[],"class_list":["post-9611","post","type-post","status-publish","format-standard","hentry","category-aktualnosci"],"_links":{"self":[{"href":"https:\/\/szkolastraszyn.pruszczgdanski.pl\/index.php?rest_route=\/wp\/v2\/posts\/9611","targetHints":{"allow":["GET"]}}],"collection":[{"href":"https:\/\/szkolastraszyn.pruszczgdanski.pl\/index.php?rest_route=\/wp\/v2\/posts"}],"about":[{"href":"https:\/\/szkolastraszyn.pruszczgdanski.pl\/index.php?rest_route=\/wp\/v2\/types\/post"}],"author":[{"embeddable":true,"href":"https:\/\/szkolastraszyn.pruszczgdanski.pl\/index.php?rest_route=\/wp\/v2\/users\/1"}],"replies":[{"embeddable":true,"href":"https:\/\/szkolastraszyn.pruszczgdanski.pl\/index.php?rest_route=%2Fwp%2Fv2%2Fcomments&post=9611"}],"version-history":[{"count":4,"href":"https:\/\/szkolastraszyn.pruszczgdanski.pl\/index.php?rest_route=\/wp\/v2\/posts\/9611\/revisions"}],"predecessor-version":[{"id":9615,"href":"https:\/\/szkolastraszyn.pruszczgdanski.pl\/index.php?rest_route=\/wp\/v2\/posts\/9611\/revisions\/9615"}],"wp:attachment":[{"href":"https:\/\/szkolastraszyn.pruszczgdanski.pl\/index.php?rest_route=%2Fwp%2Fv2%2Fmedia&parent=9611"}],"wp:term":[{"taxonomy":"category","embeddable":true,"href":"https:\/\/szkolastraszyn.pruszczgdanski.pl\/index.php?rest_route=%2Fwp%2Fv2%2Fcategories&post=9611"},{"taxonomy":"post_tag","embeddable":true,"href":"https:\/\/szkolastraszyn.pruszczgdanski.pl\/index.php?rest_route=%2Fwp%2Fv2%2Ftags&post=9611"}],"curies":[{"name":"wp","href":"https:\/\/api.w.org\/{rel}","templated":true}]}}