{"id":9079,"date":"2022-10-12T09:31:35","date_gmt":"2022-10-12T09:31:35","guid":{"rendered":"https:\/\/szkolastraszyn.pruszczgdanski.pl\/?p=9079"},"modified":"2022-10-12T09:33:00","modified_gmt":"2022-10-12T09:33:00","slug":"zbiorka-dla-oddzialu-onkologii-dzieciecej","status":"publish","type":"post","link":"https:\/\/szkolastraszyn.pruszczgdanski.pl\/?p=9079","title":{"rendered":"Zbi\u00f3rka dla oddzia\u0142u onkologii dzieci\u0119cej"},"content":{"rendered":"\t\t<div data-elementor-type=\"wp-post\" data-elementor-id=\"9079\" class=\"elementor elementor-9079\">\n\t\t\t\t\t\t<section class=\"elementor-section elementor-top-section elementor-element elementor-element-d7e2a0e elementor-section-boxed elementor-section-height-default elementor-section-height-default\" data-id=\"d7e2a0e\" data-element_type=\"section\" data-e-type=\"section\">\n\t\t\t\t\t\t<div class=\"elementor-container elementor-column-gap-default\">\n\t\t\t\t\t<div class=\"elementor-column elementor-col-100 elementor-top-column elementor-element elementor-element-81e1c1a\" data-id=\"81e1c1a\" data-element_type=\"column\" data-e-type=\"column\">\n\t\t\t<div class=\"elementor-widget-wrap\">\n\t\t\t\t\t\t\t<\/div>\n\t\t<\/div>\n\t\t\t\t\t<\/div>\n\t\t<\/section>\n\t\t\t\t<section class=\"elementor-section elementor-top-section elementor-element elementor-element-980c9d9 elementor-section-boxed elementor-section-height-default elementor-section-height-default\" data-id=\"980c9d9\" data-element_type=\"section\" data-e-type=\"section\">\n\t\t\t\t\t\t<div class=\"elementor-container elementor-column-gap-default\">\n\t\t\t\t\t<div class=\"elementor-column elementor-col-100 elementor-top-column elementor-element elementor-element-03a9ca3\" data-id=\"03a9ca3\" data-element_type=\"column\" data-e-type=\"column\">\n\t\t\t<div class=\"elementor-widget-wrap elementor-element-populated\">\n\t\t\t\t\t\t<div class=\"elementor-element elementor-element-168fb38 elementor-widget elementor-widget-text-editor\" data-id=\"168fb38\" data-element_type=\"widget\" data-e-type=\"widget\" data-widget_type=\"text-editor.default\">\n\t\t\t\t<div class=\"elementor-widget-container\">\n\t\t\t\t\t\t\t\t\t<div dir=\"auto\"><span style=\"color: #000080;\"><strong>Kochani! Zach\u0119camy do w\u0142\u0105czenia si\u0119 do szkolnej zbi\u00f3rki \u201e Od r\u0119cznika do kocyka\u201d Kompletujemy r\u0119czniki (najlepiej szybkoschn\u0105ce i lekkie), kocyki, kubki termiczne i inne przybory higieny osobistej: szczoteczki do z\u0119b\u00f3w, kubki, kosmetyczki.<\/strong><\/span><\/div><div dir=\"auto\"><span style=\"color: #000080;\"><strong>Dary trafi\u0105 do dzieci przebywaj\u0105cych w Klinice Pediatrii Hematologii i Onkologii w Gda\u0144sku . <\/strong><\/span><\/div><div dir=\"auto\">\u00a0<\/div><div dir=\"auto\"><span style=\"color: #000080;\"><strong>Rzeczy mo\u017cna sk\u0142ada\u0107 w kartonie przy g\u0142\u00f3wnym wej\u015bciu do szko\u0142y lub w sali 131 u pani Kamili Topolewskiej lub sali nr 8 u pani Marzeny Kwiecie\u0144.<\/strong><\/span><\/div><div dir=\"auto\">\u00a0<\/div><div dir=\"auto\"><span style=\"color: #000080;\"><strong> Zbi\u00f3rka potrwa do ko\u0144ca pa\u017adziernika.<\/strong><\/span><\/div><div dir=\"auto\">\u00a0<\/div><div dir=\"auto\"><span style=\"color: #000080;\"><strong>Wsp\u00f3lnie umilmy szpitaln\u0105 codzienno\u015b\u0107 ma\u0142ych pacjent\u00f3w<\/strong><\/span><\/div>\t\t\t\t\t\t\t\t<\/div>\n\t\t\t\t<\/div>\n\t\t\t\t<div class=\"elementor-element elementor-element-41bf2a5 elementor-widget elementor-widget-image\" data-id=\"41bf2a5\" data-element_type=\"widget\" data-e-type=\"widget\" data-widget_type=\"image.default\">\n\t\t\t\t<div class=\"elementor-widget-container\">\n\t\t\t\t\t\t\t\t\t\t\t\t\t\t\t<img fetchpriority=\"high\" decoding=\"async\" width=\"679\" height=\"960\" src=\"https:\/\/szkolastraszyn.pruszczgdanski.pl\/wp-content\/uploads\/2022\/10\/kocyki.jpg\" class=\"attachment-large size-large wp-image-9081\" alt=\"\" srcset=\"https:\/\/szkolastraszyn.pruszczgdanski.pl\/wp-content\/uploads\/2022\/10\/kocyki.jpg 679w, https:\/\/szkolastraszyn.pruszczgdanski.pl\/wp-content\/uploads\/2022\/10\/kocyki-212x300.jpg 212w\" sizes=\"(max-width: 679px) 100vw, 679px\" \/>\t\t\t\t\t\t\t\t\t\t\t\t\t\t\t<\/div>\n\t\t\t\t<\/div>\n\t\t\t\t\t<\/div>\n\t\t<\/div>\n\t\t\t\t\t<\/div>\n\t\t<\/section>\n\t\t\t\t<\/div>\n\t\t","protected":false},"excerpt":{"rendered":"<p>Kochani! Zach\u0119camy do w\u0142\u0105czenia si\u0119 do szkolnej zbi\u00f3rki \u201e Od r\u0119cznika do kocyka\u201d Kompletujemy r\u0119czniki (najlepiej szybkoschn\u0105ce i lekkie), kocyki, kubki termiczne i inne przybory higieny osobistej: szczoteczki do z\u0119b\u00f3w, kubki, kosmetyczki.Dary trafi\u0105 do dzieci przebywaj\u0105cych w Klinice Pediatrii Hematologii i Onkologii w Gda\u0144sku . \u00a0Rzeczy mo\u017cna sk\u0142ada\u0107 w kartonie przy g\u0142\u00f3wnym wej\u015bciu do szko\u0142y lub w sali 131 u pani Kamili Topolewskiej lub sali nr 8 u pani Marzeny Kwiecie\u0144.\u00a0 Zbi\u00f3rka potrwa do ko\u0144ca pa\u017adziernika.\u00a0Wsp\u00f3lnie umilmy szpitaln\u0105 codzienno\u015b\u0107 ma\u0142ych pacjent\u00f3w<\/p>\n","protected":false},"author":1,"featured_media":0,"comment_status":"closed","ping_status":"closed","sticky":false,"template":"","format":"standard","meta":{"footnotes":""},"categories":[20,3,4],"tags":[],"class_list":["post-9079","post","type-post","status-publish","format-standard","hentry","category-aktualnosci","category-rodzice","category-uczniowie"],"_links":{"self":[{"href":"https:\/\/szkolastraszyn.pruszczgdanski.pl\/index.php?rest_route=\/wp\/v2\/posts\/9079","targetHints":{"allow":["GET"]}}],"collection":[{"href":"https:\/\/szkolastraszyn.pruszczgdanski.pl\/index.php?rest_route=\/wp\/v2\/posts"}],"about":[{"href":"https:\/\/szkolastraszyn.pruszczgdanski.pl\/index.php?rest_route=\/wp\/v2\/types\/post"}],"author":[{"embeddable":true,"href":"https:\/\/szkolastraszyn.pruszczgdanski.pl\/index.php?rest_route=\/wp\/v2\/users\/1"}],"replies":[{"embeddable":true,"href":"https:\/\/szkolastraszyn.pruszczgdanski.pl\/index.php?rest_route=%2Fwp%2Fv2%2Fcomments&post=9079"}],"version-history":[{"count":4,"href":"https:\/\/szkolastraszyn.pruszczgdanski.pl\/index.php?rest_route=\/wp\/v2\/posts\/9079\/revisions"}],"predecessor-version":[{"id":9084,"href":"https:\/\/szkolastraszyn.pruszczgdanski.pl\/index.php?rest_route=\/wp\/v2\/posts\/9079\/revisions\/9084"}],"wp:attachment":[{"href":"https:\/\/szkolastraszyn.pruszczgdanski.pl\/index.php?rest_route=%2Fwp%2Fv2%2Fmedia&parent=9079"}],"wp:term":[{"taxonomy":"category","embeddable":true,"href":"https:\/\/szkolastraszyn.pruszczgdanski.pl\/index.php?rest_route=%2Fwp%2Fv2%2Fcategories&post=9079"},{"taxonomy":"post_tag","embeddable":true,"href":"https:\/\/szkolastraszyn.pruszczgdanski.pl\/index.php?rest_route=%2Fwp%2Fv2%2Ftags&post=9079"}],"curies":[{"name":"wp","href":"https:\/\/api.w.org\/{rel}","templated":true}]}}