{"id":8416,"date":"2022-05-19T11:12:48","date_gmt":"2022-05-19T11:12:48","guid":{"rendered":"https:\/\/szkolastraszyn.pruszczgdanski.pl\/?p=8416"},"modified":"2022-10-04T10:30:29","modified_gmt":"2022-10-04T10:30:29","slug":"wojewodzki-konkurs-jezyka-angielskiego-jestem-lingwista","status":"publish","type":"post","link":"https:\/\/szkolastraszyn.pruszczgdanski.pl\/?p=8416","title":{"rendered":"Wojew\u00f3dzki Konkurs J\u0119zyka Angielskiego \u201eJestem Lingwist\u0105\u201d."},"content":{"rendered":"\t\t<div data-elementor-type=\"wp-post\" data-elementor-id=\"8416\" class=\"elementor elementor-8416\">\n\t\t\t\t\t\t<section class=\"elementor-section elementor-top-section elementor-element elementor-element-df04cfa elementor-section-boxed elementor-section-height-default elementor-section-height-default\" data-id=\"df04cfa\" data-element_type=\"section\" data-e-type=\"section\">\n\t\t\t\t\t\t<div class=\"elementor-container elementor-column-gap-default\">\n\t\t\t\t\t<div class=\"elementor-column elementor-col-100 elementor-top-column elementor-element elementor-element-3ab4bb0\" data-id=\"3ab4bb0\" data-element_type=\"column\" data-e-type=\"column\">\n\t\t\t<div class=\"elementor-widget-wrap elementor-element-populated\">\n\t\t\t\t\t\t<div class=\"elementor-element elementor-element-b7fc8ac elementor-widget elementor-widget-text-editor\" data-id=\"b7fc8ac\" data-element_type=\"widget\" data-e-type=\"widget\" data-widget_type=\"text-editor.default\">\n\t\t\t\t<div class=\"elementor-widget-container\">\n\t\t\t\t\t\t\t\t\t<p><span style=\"color: #000000;\">Z dum\u0105 informujemy, \u017ce troje naszych uczni\u00f3w z klas si\u00f3dmych zakwalifikowa\u0142o si\u0119 do fina\u0142u<\/span><br data-rich-text-line-break=\"true\"><span style=\"color: #000000;\">Wojew\u00f3dzkiego Konkursu J\u0119zyka Angielskiego \u201eJestem Lingwist\u0105\u201d.<\/span><br data-rich-text-line-break=\"true\"><span style=\"color: #000000;\">Uczestnicy konkursu musieli wykaza\u0107 si\u0119 umiej\u0119tno\u015bciami j\u0119zykowymi<\/span><br data-rich-text-line-break=\"true\"><span style=\"color: #000000;\">jak r\u00f3wnie\u017c znajomo\u015bci\u0105 historii i kultury kraj\u00f3w angloj\u0119zycznych. Laureatem konkursu zosta\u0142 Franciszek G\u0105ga\u0142a z klasy 7F,&nbsp;<\/span><span style=\"color: #000000;\">a finalistkami Alicja Lisowska (kl. 7B) i Natalia Bolimowska (kl. 7A). Ca\u0142ej tr\u00f3jce serdecznie gratulujemy!<\/span><br data-rich-text-line-break=\"true\"><span style=\"color: #000000;\">MW<\/span><\/p>\t\t\t\t\t\t\t\t<\/div>\n\t\t\t\t<\/div>\n\t\t\t\t\t<\/div>\n\t\t<\/div>\n\t\t\t\t\t<\/div>\n\t\t<\/section>\n\t\t\t\t<\/div>\n\t\t","protected":false},"excerpt":{"rendered":"<p>Z dum\u0105 informujemy, \u017ce troje naszych uczni\u00f3w z klas si\u00f3dmych zakwalifikowa\u0142o si\u0119 do fina\u0142uWojew\u00f3dzkiego Konkursu J\u0119zyka Angielskiego \u201eJestem Lingwist\u0105\u201d.Uczestnicy konkursu musieli wykaza\u0107 si\u0119 umiej\u0119tno\u015bciami j\u0119zykowymijak r\u00f3wnie\u017c znajomo\u015bci\u0105 historii i kultury kraj\u00f3w angloj\u0119zycznych. Laureatem konkursu zosta\u0142 Franciszek G\u0105ga\u0142a z klasy 7F,&nbsp;a finalistkami Alicja Lisowska (kl. 7B) i Natalia Bolimowska (kl. 7A). Ca\u0142ej tr\u00f3jce serdecznie gratulujemy!MW<\/p>\n","protected":false},"author":1,"featured_media":0,"comment_status":"closed","ping_status":"closed","sticky":false,"template":"","format":"standard","meta":{"footnotes":""},"categories":[20,28,3,4],"tags":[],"class_list":["post-8416","post","type-post","status-publish","format-standard","hentry","category-aktualnosci","category-archiwum","category-rodzice","category-uczniowie"],"_links":{"self":[{"href":"https:\/\/szkolastraszyn.pruszczgdanski.pl\/index.php?rest_route=\/wp\/v2\/posts\/8416","targetHints":{"allow":["GET"]}}],"collection":[{"href":"https:\/\/szkolastraszyn.pruszczgdanski.pl\/index.php?rest_route=\/wp\/v2\/posts"}],"about":[{"href":"https:\/\/szkolastraszyn.pruszczgdanski.pl\/index.php?rest_route=\/wp\/v2\/types\/post"}],"author":[{"embeddable":true,"href":"https:\/\/szkolastraszyn.pruszczgdanski.pl\/index.php?rest_route=\/wp\/v2\/users\/1"}],"replies":[{"embeddable":true,"href":"https:\/\/szkolastraszyn.pruszczgdanski.pl\/index.php?rest_route=%2Fwp%2Fv2%2Fcomments&post=8416"}],"version-history":[{"count":5,"href":"https:\/\/szkolastraszyn.pruszczgdanski.pl\/index.php?rest_route=\/wp\/v2\/posts\/8416\/revisions"}],"predecessor-version":[{"id":8421,"href":"https:\/\/szkolastraszyn.pruszczgdanski.pl\/index.php?rest_route=\/wp\/v2\/posts\/8416\/revisions\/8421"}],"wp:attachment":[{"href":"https:\/\/szkolastraszyn.pruszczgdanski.pl\/index.php?rest_route=%2Fwp%2Fv2%2Fmedia&parent=8416"}],"wp:term":[{"taxonomy":"category","embeddable":true,"href":"https:\/\/szkolastraszyn.pruszczgdanski.pl\/index.php?rest_route=%2Fwp%2Fv2%2Fcategories&post=8416"},{"taxonomy":"post_tag","embeddable":true,"href":"https:\/\/szkolastraszyn.pruszczgdanski.pl\/index.php?rest_route=%2Fwp%2Fv2%2Ftags&post=8416"}],"curies":[{"name":"wp","href":"https:\/\/api.w.org\/{rel}","templated":true}]}}