{"id":834,"date":"2018-10-01T05:59:06","date_gmt":"2018-10-01T05:59:06","guid":{"rendered":"http:\/\/szkolastraszyn.pruszczgdanski.pl\/?p=834"},"modified":"2018-10-01T06:01:36","modified_gmt":"2018-10-01T06:01:36","slug":"pierwsze-proby-pisarskie-mlodych-poetek","status":"publish","type":"post","link":"https:\/\/szkolastraszyn.pruszczgdanski.pl\/?p=834","title":{"rendered":"Pierwsze pr\u00f3by pisarskie m\u0142odych poetek."},"content":{"rendered":"\t\t<div data-elementor-type=\"wp-post\" data-elementor-id=\"834\" class=\"elementor elementor-834 elementor-bc-flex-widget\">\n\t\t\t\t\t\t<section class=\"elementor-section elementor-top-section elementor-element elementor-element-dc2c8ae elementor-section-boxed elementor-section-height-default elementor-section-height-default\" data-id=\"dc2c8ae\" data-element_type=\"section\" data-e-type=\"section\">\n\t\t\t\t\t\t<div class=\"elementor-container elementor-column-gap-default\">\n\t\t\t\t\t<div class=\"elementor-column elementor-col-100 elementor-top-column elementor-element elementor-element-f1e95cd\" data-id=\"f1e95cd\" data-element_type=\"column\" data-e-type=\"column\">\n\t\t\t<div class=\"elementor-widget-wrap elementor-element-populated\">\n\t\t\t\t\t\t<div class=\"elementor-element elementor-element-9082c37 elementor-widget elementor-widget-text-editor\" data-id=\"9082c37\" data-element_type=\"widget\" data-e-type=\"widget\" data-widget_type=\"text-editor.default\">\n\t\t\t\t<div class=\"elementor-widget-container\">\n\t\t\t\t\t\t\t\t\t<div style=\"text-align: center;\">Czarne jak \u017cycie smutne i blade czasami&#8230; niekiedy wpadnie plamka gor\u0105cej czerwonej mi\u0142o\u015bci&#8230;\u00a0<\/div><div style=\"text-align: center;\">Wychodzisz jesieni\u0105 i widzisz na drzewie br\u0105zowe kasztany wisz\u0105ce w kuj\u0105cych otulinkach&#8230;<\/div><div style=\"text-align: center;\">Cieszysz si\u0119 na ich widok, jednak gdy bierzesz w r\u0119ce &#8211; czujesz b\u00f3l i smutek&#8230;<\/div><div style=\"text-align: center;\">Stoisz zimny jak l\u00f3d i czujesz lodowaty wiatr, kt\u00f3ry wieje ci w twarz&#8230;<\/div><div style=\"text-align: center;\">po chwili dostrzegasz czerwony kwiat&#8230; podchodzisz, a ten zamyka si\u0119 przed tob\u0105&#8230;<\/div><div style=\"text-align: center;\">\u00a0 \u00a0 \u00a0 \u00a0 \u00a0 \u00a0 \u00a0 \u00a0 \u00a0 \u00a0 \u00a0 \u00a0 \u00a0 \u00a0 \u00a0 \u00a0 \u00a0 \u00a0 \u00a0 \u00a0 \u00a0 \u00a0 i znowu czujesz b\u00f3l i smutek.<\/div><div style=\"text-align: center;\">\u00a0<\/div><div style=\"text-align: center;\">(autor: Zuzu)<\/div><div style=\"text-align: center;\">\u00a0<\/div><div style=\"text-align: center;\">W pi\u0119knym lesie na olbrzymim drzewie by\u0142o bardzo du\u017co li\u015bci.<\/div><div style=\"text-align: center;\">Las zamieszkiwa\u0142y zwierz\u0119ta, a najwi\u0119cej by\u0142o rudych wiewi\u00f3rek,<\/div><div style=\"text-align: center;\">kt\u00f3re uwielbia\u0142y skaka\u0107 ku kolorowym li\u015bciom&#8230;<\/div><div style=\"text-align: center;\">By\u0142y mieszka\u0144cami kolorowego drzewa- jak i inne le\u015bne stworzonka.<\/div><div style=\"text-align: center;\">\u00a0<\/div><div style=\"text-align: center;\">(autor: Samosia)<\/div><div style=\"text-align: center;\">\u00a0<\/div><div style=\"text-align: center;\">\u00a0<\/div><div style=\"text-align: center;\">By\u0142a pi\u0119kna pogoda&#8230;<\/div><div style=\"text-align: center;\">Asia i jej kole\u017canki wybra\u0142y\u00a0<\/div><div style=\"text-align: center;\">si\u0119 do parku.<\/div><div style=\"text-align: center;\">Dziewczynki po drodze znalaz\u0142y du\u017co kolorowych<\/div><div style=\"text-align: center;\">li\u015bci, kt\u00f3ry<\/div><div style=\"text-align: center;\">mieni\u0142 si\u0119 niczym szeleszcz\u0105cy dywan marze\u0144.<\/div><div style=\"text-align: center;\">\u00a0<\/div><div style=\"text-align: center;\">(autor: Nutka)<\/div><div class=\"yj6qo\">\u00a0<\/div>\t\t\t\t\t\t\t\t<\/div>\n\t\t\t\t<\/div>\n\t\t\t\t\t<\/div>\n\t\t<\/div>\n\t\t\t\t\t<\/div>\n\t\t<\/section>\n\t\t\t\t<section class=\"elementor-section elementor-top-section elementor-element elementor-element-2e919d6 elementor-section-boxed elementor-section-height-default elementor-section-height-default\" data-id=\"2e919d6\" data-element_type=\"section\" data-e-type=\"section\">\n\t\t\t\t\t\t<div class=\"elementor-container elementor-column-gap-default\">\n\t\t\t\t\t<div class=\"elementor-column elementor-col-100 elementor-top-column elementor-element elementor-element-681f739\" data-id=\"681f739\" data-element_type=\"column\" data-e-type=\"column\">\n\t\t\t<div class=\"elementor-widget-wrap elementor-element-populated\">\n\t\t\t\t\t\t<div class=\"elementor-element elementor-element-6a5901d elementor-widget elementor-widget-image\" data-id=\"6a5901d\" data-element_type=\"widget\" data-e-type=\"widget\" data-widget_type=\"image.default\">\n\t\t\t\t<div class=\"elementor-widget-container\">\n\t\t\t\t\t\t\t\t\t\t\t\t\t\t\t<img fetchpriority=\"high\" decoding=\"async\" width=\"960\" height=\"720\" src=\"https:\/\/szkolastraszyn.pruszczgdanski.pl\/wp-content\/uploads\/2018\/10\/Momiji_\u7d05\u8449\u3059\u308b\u30e4\u30de\u30e2\u30df\u30b8_B221212-1024x768.jpg\" class=\"attachment-large size-large wp-image-835\" alt=\"\" srcset=\"https:\/\/szkolastraszyn.pruszczgdanski.pl\/wp-content\/uploads\/2018\/10\/Momiji_\u7d05\u8449\u3059\u308b\u30e4\u30de\u30e2\u30df\u30b8_B221212-1024x768.jpg 1024w, https:\/\/szkolastraszyn.pruszczgdanski.pl\/wp-content\/uploads\/2018\/10\/Momiji_\u7d05\u8449\u3059\u308b\u30e4\u30de\u30e2\u30df\u30b8_B221212-300x225.jpg 300w, https:\/\/szkolastraszyn.pruszczgdanski.pl\/wp-content\/uploads\/2018\/10\/Momiji_\u7d05\u8449\u3059\u308b\u30e4\u30de\u30e2\u30df\u30b8_B221212-768x576.jpg 768w, https:\/\/szkolastraszyn.pruszczgdanski.pl\/wp-content\/uploads\/2018\/10\/Momiji_\u7d05\u8449\u3059\u308b\u30e4\u30de\u30e2\u30df\u30b8_B221212.jpg 1280w\" sizes=\"(max-width: 960px) 100vw, 960px\" \/>\t\t\t\t\t\t\t\t\t\t\t\t\t\t\t<\/div>\n\t\t\t\t<\/div>\n\t\t\t\t\t<\/div>\n\t\t<\/div>\n\t\t\t\t\t<\/div>\n\t\t<\/section>\n\t\t\t\t<\/div>\n\t\t","protected":false},"excerpt":{"rendered":"<p>Czarne jak \u017cycie smutne i blade czasami&#8230; niekiedy wpadnie plamka gor\u0105cej czerwonej mi\u0142o\u015bci&#8230;\u00a0Wychodzisz jesieni\u0105 i widzisz na drzewie br\u0105zowe kasztany wisz\u0105ce w kuj\u0105cych otulinkach&#8230;Cieszysz si\u0119 na ich widok, jednak gdy bierzesz w r\u0119ce &#8211; czujesz b\u00f3l i smutek&#8230;Stoisz zimny jak l\u00f3d i czujesz lodowaty wiatr, kt\u00f3ry wieje ci w twarz&#8230;po chwili dostrzegasz czerwony kwiat&#8230; podchodzisz, a ten zamyka si\u0119 przed tob\u0105&#8230;\u00a0 \u00a0 \u00a0 \u00a0 \u00a0 \u00a0 \u00a0 \u00a0 \u00a0 \u00a0 \u00a0 \u00a0 \u00a0 \u00a0 \u00a0 \u00a0 \u00a0 \u00a0 \u00a0 \u00a0 \u00a0 \u00a0 i znowu czujesz b\u00f3l i smutek.\u00a0(autor: Zuzu)\u00a0W pi\u0119knym lesie na olbrzymim drzewie by\u0142o bardzo du\u017co li\u015bci.Las zamieszkiwa\u0142y zwierz\u0119ta, a najwi\u0119cej by\u0142o rudych wiewi\u00f3rek,kt\u00f3re uwielbia\u0142y skaka\u0107 ku kolorowym li\u015bciom&#8230;By\u0142y mieszka\u0144cami kolorowego drzewa- jak i inne le\u015bne stworzonka.\u00a0(autor: Samosia)\u00a0\u00a0By\u0142a pi\u0119kna pogoda&#8230;Asia i jej kole\u017canki wybra\u0142y\u00a0si\u0119 do parku.Dziewczynki po drodze znalaz\u0142y du\u017co kolorowychli\u015bci, kt\u00f3rymieni\u0142 si\u0119 niczym szeleszcz\u0105cy dywan marze\u0144.\u00a0(autor: Nutka)<\/p>\n","protected":false},"author":1,"featured_media":835,"comment_status":"closed","ping_status":"closed","sticky":false,"template":"","format":"standard","meta":{"footnotes":""},"categories":[3,4,9,14],"tags":[],"class_list":["post-834","post","type-post","status-publish","format-standard","has-post-thumbnail","hentry","category-rodzice","category-uczniowie","category-tworczosc","category-uczniowie-w-akcji"],"_links":{"self":[{"href":"https:\/\/szkolastraszyn.pruszczgdanski.pl\/index.php?rest_route=\/wp\/v2\/posts\/834","targetHints":{"allow":["GET"]}}],"collection":[{"href":"https:\/\/szkolastraszyn.pruszczgdanski.pl\/index.php?rest_route=\/wp\/v2\/posts"}],"about":[{"href":"https:\/\/szkolastraszyn.pruszczgdanski.pl\/index.php?rest_route=\/wp\/v2\/types\/post"}],"author":[{"embeddable":true,"href":"https:\/\/szkolastraszyn.pruszczgdanski.pl\/index.php?rest_route=\/wp\/v2\/users\/1"}],"replies":[{"embeddable":true,"href":"https:\/\/szkolastraszyn.pruszczgdanski.pl\/index.php?rest_route=%2Fwp%2Fv2%2Fcomments&post=834"}],"version-history":[{"count":3,"href":"https:\/\/szkolastraszyn.pruszczgdanski.pl\/index.php?rest_route=\/wp\/v2\/posts\/834\/revisions"}],"predecessor-version":[{"id":839,"href":"https:\/\/szkolastraszyn.pruszczgdanski.pl\/index.php?rest_route=\/wp\/v2\/posts\/834\/revisions\/839"}],"wp:featuredmedia":[{"embeddable":true,"href":"https:\/\/szkolastraszyn.pruszczgdanski.pl\/index.php?rest_route=\/wp\/v2\/media\/835"}],"wp:attachment":[{"href":"https:\/\/szkolastraszyn.pruszczgdanski.pl\/index.php?rest_route=%2Fwp%2Fv2%2Fmedia&parent=834"}],"wp:term":[{"taxonomy":"category","embeddable":true,"href":"https:\/\/szkolastraszyn.pruszczgdanski.pl\/index.php?rest_route=%2Fwp%2Fv2%2Fcategories&post=834"},{"taxonomy":"post_tag","embeddable":true,"href":"https:\/\/szkolastraszyn.pruszczgdanski.pl\/index.php?rest_route=%2Fwp%2Fv2%2Ftags&post=834"}],"curies":[{"name":"wp","href":"https:\/\/api.w.org\/{rel}","templated":true}]}}