{"id":8283,"date":"2022-04-28T17:30:03","date_gmt":"2022-04-28T17:30:03","guid":{"rendered":"http:\/\/szkolastraszyn.pruszczgdanski.pl\/?p=8283"},"modified":"2022-04-28T17:32:47","modified_gmt":"2022-04-28T17:32:47","slug":"wojewodzka-gala-wreczenia-zaswiadczen-laureatom-konkursow-przedmiotowych","status":"publish","type":"post","link":"https:\/\/szkolastraszyn.pruszczgdanski.pl\/?p=8283","title":{"rendered":"Wojew\u00f3dzka Gala Wr\u0119czenia Za\u015bwiadcze\u0144 Laureatom Konkurs\u00f3w Przedmiotowych"},"content":{"rendered":"\t\t<div data-elementor-type=\"wp-post\" data-elementor-id=\"8283\" class=\"elementor elementor-8283\">\n\t\t\t\t\t\t<section class=\"elementor-section elementor-top-section elementor-element elementor-element-c936d19 elementor-section-boxed elementor-section-height-default elementor-section-height-default\" data-id=\"c936d19\" data-element_type=\"section\" data-e-type=\"section\">\n\t\t\t\t\t\t<div class=\"elementor-container elementor-column-gap-default\">\n\t\t\t\t\t<div class=\"elementor-column elementor-col-100 elementor-top-column elementor-element elementor-element-03ca221\" data-id=\"03ca221\" data-element_type=\"column\" data-e-type=\"column\">\n\t\t\t<div class=\"elementor-widget-wrap elementor-element-populated\">\n\t\t\t\t\t\t<div class=\"elementor-element elementor-element-6b5faeb elementor-widget elementor-widget-text-editor\" data-id=\"6b5faeb\" data-element_type=\"widget\" data-e-type=\"widget\" data-widget_type=\"text-editor.default\">\n\t\t\t\t<div class=\"elementor-widget-container\">\n\t\t\t\t\t\t\t\t\t<p><span style=\"color: #000000;\">Gala laureat\u00f3w<\/span><\/p><p><span style=\"color: #000000;\">\u00a0<\/span><\/p><p><span style=\"color: #000000;\">22 kwietnia 2022r. odby\u0142a si\u0119 Wojew\u00f3dzka Gala Wr\u0119czenia Za\u015bwiadcze\u0144 Laureatom Konkurs\u00f3w Przedmiotowych zorganizowanych w roku szkolny 2021\/2022 przez Pomorskiego Kuratora O\u015bwiaty. \u00a0Uroczysto\u015b\u0107 odby\u0142a si\u0119 w auli na Wydziale Historycznym Uniwersytetu Gda\u0144skiego, kt\u00f3rej gospodarzem by\u0142a Pani Ma\u0142gorzata Bielang, Pomorski\u00a0 Kurator O\u015bwiaty. W akademii udzia\u0142 wzi\u0119li laureaci konkurs\u00f3w przedmiotowych, rodzice, nauczyciele oraz dyrektorzy szk\u00f3\u0142.\u00a0 Podczas gali nasz\u0105 szko\u0142\u0119 reprezentowa\u0142a <strong>Zuzanna Fleszar, uczennica <\/strong><\/span><br \/><strong><span style=\"color: #000000;\">z klasy 8b, kt\u00f3ra jest tegoroczna Laureatk\u0105 Wojew\u00f3dzkiego Konkursu z J\u0119zyka Polskiego.<\/span><\/strong><\/p><p><span style=\"color: #000000;\">Pani Ma\u0142gorzata wr\u0119czy\u0142a laureatom konkurs\u00f3w przedmiotowych za\u015bwiadczenia, gratuluj\u0105c im uzyskanych wynik\u00f3w. Kurator podkre\u015bli\u0142a, i\u017c najwy\u017csze noty uczni\u00f3w to zas\u0142uga ich talentu i pracy, ale tak\u017ce ukoronowanie ogromnego wysi\u0142ku nauczycieli dziel\u0105cych si\u0119 z uczniami wiedz\u0105 <\/span><br \/><span style=\"color: #000000;\">i umiej\u0119tno\u015bciami.<\/span><\/p><p><span style=\"color: #000000;\">Opracowa\u0142a:\u00a0 Monika Osi\u0144ska<\/span><\/p>\t\t\t\t\t\t\t\t<\/div>\n\t\t\t\t<\/div>\n\t\t\t\t\t<\/div>\n\t\t<\/div>\n\t\t\t\t\t<\/div>\n\t\t<\/section>\n\t\t\t\t<section class=\"elementor-section elementor-top-section elementor-element elementor-element-621adeb elementor-section-boxed elementor-section-height-default elementor-section-height-default\" data-id=\"621adeb\" data-element_type=\"section\" data-e-type=\"section\">\n\t\t\t\t\t\t<div class=\"elementor-container elementor-column-gap-default\">\n\t\t\t\t\t<div class=\"elementor-column elementor-col-33 elementor-top-column elementor-element elementor-element-8d355a1\" data-id=\"8d355a1\" data-element_type=\"column\" data-e-type=\"column\">\n\t\t\t<div class=\"elementor-widget-wrap elementor-element-populated\">\n\t\t\t\t\t\t<div class=\"elementor-element elementor-element-e125a9a elementor-widget elementor-widget-image\" data-id=\"e125a9a\" data-element_type=\"widget\" data-e-type=\"widget\" data-widget_type=\"image.default\">\n\t\t\t\t<div class=\"elementor-widget-container\">\n\t\t\t\t\t\t\t\t\t\t\t\t\t\t\t<img fetchpriority=\"high\" decoding=\"async\" width=\"960\" height=\"720\" src=\"https:\/\/szkolastraszyn.pruszczgdanski.pl\/wp-content\/uploads\/2022\/04\/IMG_70501-1024x768.jpg\" class=\"attachment-large size-large wp-image-8290\" alt=\"\" srcset=\"https:\/\/szkolastraszyn.pruszczgdanski.pl\/wp-content\/uploads\/2022\/04\/IMG_70501-1024x768.jpg 1024w, https:\/\/szkolastraszyn.pruszczgdanski.pl\/wp-content\/uploads\/2022\/04\/IMG_70501-300x225.jpg 300w, https:\/\/szkolastraszyn.pruszczgdanski.pl\/wp-content\/uploads\/2022\/04\/IMG_70501-768x576.jpg 768w, https:\/\/szkolastraszyn.pruszczgdanski.pl\/wp-content\/uploads\/2022\/04\/IMG_70501-1536x1152.jpg 1536w, https:\/\/szkolastraszyn.pruszczgdanski.pl\/wp-content\/uploads\/2022\/04\/IMG_70501-2048x1536.jpg 2048w, https:\/\/szkolastraszyn.pruszczgdanski.pl\/wp-content\/uploads\/2022\/04\/IMG_70501-1140x855.jpg 1140w\" sizes=\"(max-width: 960px) 100vw, 960px\" \/>\t\t\t\t\t\t\t\t\t\t\t\t\t\t\t<\/div>\n\t\t\t\t<\/div>\n\t\t\t\t\t<\/div>\n\t\t<\/div>\n\t\t\t\t<div class=\"elementor-column elementor-col-33 elementor-top-column elementor-element elementor-element-ca6ac88\" data-id=\"ca6ac88\" data-element_type=\"column\" data-e-type=\"column\">\n\t\t\t<div class=\"elementor-widget-wrap elementor-element-populated\">\n\t\t\t\t\t\t<div class=\"elementor-element elementor-element-3c51e93 elementor-widget elementor-widget-image\" data-id=\"3c51e93\" data-element_type=\"widget\" data-e-type=\"widget\" data-widget_type=\"image.default\">\n\t\t\t\t<div class=\"elementor-widget-container\">\n\t\t\t\t\t\t\t\t\t\t\t\t\t\t\t<img decoding=\"async\" width=\"960\" height=\"720\" src=\"https:\/\/szkolastraszyn.pruszczgdanski.pl\/wp-content\/uploads\/2022\/04\/IMG_7053-1024x768.jpg\" class=\"attachment-large size-large wp-image-8289\" alt=\"\" srcset=\"https:\/\/szkolastraszyn.pruszczgdanski.pl\/wp-content\/uploads\/2022\/04\/IMG_7053-1024x768.jpg 1024w, https:\/\/szkolastraszyn.pruszczgdanski.pl\/wp-content\/uploads\/2022\/04\/IMG_7053-300x225.jpg 300w, https:\/\/szkolastraszyn.pruszczgdanski.pl\/wp-content\/uploads\/2022\/04\/IMG_7053-768x576.jpg 768w, https:\/\/szkolastraszyn.pruszczgdanski.pl\/wp-content\/uploads\/2022\/04\/IMG_7053-1536x1152.jpg 1536w, https:\/\/szkolastraszyn.pruszczgdanski.pl\/wp-content\/uploads\/2022\/04\/IMG_7053-2048x1536.jpg 2048w, https:\/\/szkolastraszyn.pruszczgdanski.pl\/wp-content\/uploads\/2022\/04\/IMG_7053-1140x855.jpg 1140w\" sizes=\"(max-width: 960px) 100vw, 960px\" \/>\t\t\t\t\t\t\t\t\t\t\t\t\t\t\t<\/div>\n\t\t\t\t<\/div>\n\t\t\t\t\t<\/div>\n\t\t<\/div>\n\t\t\t\t<div class=\"elementor-column elementor-col-33 elementor-top-column elementor-element elementor-element-4b552b2\" data-id=\"4b552b2\" data-element_type=\"column\" data-e-type=\"column\">\n\t\t\t<div class=\"elementor-widget-wrap elementor-element-populated\">\n\t\t\t\t\t\t<div class=\"elementor-element elementor-element-444ee7c elementor-widget elementor-widget-image\" data-id=\"444ee7c\" data-element_type=\"widget\" data-e-type=\"widget\" data-widget_type=\"image.default\">\n\t\t\t\t<div class=\"elementor-widget-container\">\n\t\t\t\t\t\t\t\t\t\t\t\t\t\t\t<img decoding=\"async\" width=\"960\" height=\"720\" src=\"https:\/\/szkolastraszyn.pruszczgdanski.pl\/wp-content\/uploads\/2022\/04\/IMG_7061-1024x768.jpg\" class=\"attachment-large size-large wp-image-8288\" alt=\"\" srcset=\"https:\/\/szkolastraszyn.pruszczgdanski.pl\/wp-content\/uploads\/2022\/04\/IMG_7061-1024x768.jpg 1024w, https:\/\/szkolastraszyn.pruszczgdanski.pl\/wp-content\/uploads\/2022\/04\/IMG_7061-300x225.jpg 300w, https:\/\/szkolastraszyn.pruszczgdanski.pl\/wp-content\/uploads\/2022\/04\/IMG_7061-768x576.jpg 768w, https:\/\/szkolastraszyn.pruszczgdanski.pl\/wp-content\/uploads\/2022\/04\/IMG_7061-1536x1152.jpg 1536w, https:\/\/szkolastraszyn.pruszczgdanski.pl\/wp-content\/uploads\/2022\/04\/IMG_7061-2048x1536.jpg 2048w, https:\/\/szkolastraszyn.pruszczgdanski.pl\/wp-content\/uploads\/2022\/04\/IMG_7061-1140x855.jpg 1140w\" sizes=\"(max-width: 960px) 100vw, 960px\" \/>\t\t\t\t\t\t\t\t\t\t\t\t\t\t\t<\/div>\n\t\t\t\t<\/div>\n\t\t\t\t\t<\/div>\n\t\t<\/div>\n\t\t\t\t\t<\/div>\n\t\t<\/section>\n\t\t\t\t<\/div>\n\t\t","protected":false},"excerpt":{"rendered":"<p>Gala laureat\u00f3w \u00a0 22 kwietnia 2022r. odby\u0142a si\u0119 Wojew\u00f3dzka Gala Wr\u0119czenia Za\u015bwiadcze\u0144 Laureatom Konkurs\u00f3w Przedmiotowych zorganizowanych w roku szkolny 2021\/2022 przez Pomorskiego Kuratora O\u015bwiaty. \u00a0Uroczysto\u015b\u0107 odby\u0142a si\u0119 w auli na Wydziale Historycznym Uniwersytetu Gda\u0144skiego, kt\u00f3rej gospodarzem by\u0142a Pani Ma\u0142gorzata Bielang, Pomorski\u00a0 Kurator O\u015bwiaty. W akademii udzia\u0142 wzi\u0119li laureaci konkurs\u00f3w przedmiotowych, rodzice, nauczyciele oraz dyrektorzy szk\u00f3\u0142.\u00a0 Podczas gali nasz\u0105 szko\u0142\u0119 reprezentowa\u0142a Zuzanna Fleszar, uczennica z klasy 8b, kt\u00f3ra jest tegoroczna Laureatk\u0105 Wojew\u00f3dzkiego Konkursu z J\u0119zyka Polskiego. Pani Ma\u0142gorzata wr\u0119czy\u0142a laureatom konkurs\u00f3w przedmiotowych za\u015bwiadczenia, gratuluj\u0105c im uzyskanych wynik\u00f3w. Kurator podkre\u015bli\u0142a, i\u017c najwy\u017csze noty uczni\u00f3w to zas\u0142uga ich talentu i pracy, ale tak\u017ce ukoronowanie ogromnego wysi\u0142ku nauczycieli dziel\u0105cych si\u0119 z uczniami wiedz\u0105 i umiej\u0119tno\u015bciami. Opracowa\u0142a:\u00a0 Monika Osi\u0144ska<\/p>\n","protected":false},"author":1,"featured_media":0,"comment_status":"closed","ping_status":"closed","sticky":false,"template":"","format":"standard","meta":{"footnotes":""},"categories":[20,3,4],"tags":[],"class_list":["post-8283","post","type-post","status-publish","format-standard","hentry","category-aktualnosci","category-rodzice","category-uczniowie"],"_links":{"self":[{"href":"https:\/\/szkolastraszyn.pruszczgdanski.pl\/index.php?rest_route=\/wp\/v2\/posts\/8283","targetHints":{"allow":["GET"]}}],"collection":[{"href":"https:\/\/szkolastraszyn.pruszczgdanski.pl\/index.php?rest_route=\/wp\/v2\/posts"}],"about":[{"href":"https:\/\/szkolastraszyn.pruszczgdanski.pl\/index.php?rest_route=\/wp\/v2\/types\/post"}],"author":[{"embeddable":true,"href":"https:\/\/szkolastraszyn.pruszczgdanski.pl\/index.php?rest_route=\/wp\/v2\/users\/1"}],"replies":[{"embeddable":true,"href":"https:\/\/szkolastraszyn.pruszczgdanski.pl\/index.php?rest_route=%2Fwp%2Fv2%2Fcomments&post=8283"}],"version-history":[{"count":7,"href":"https:\/\/szkolastraszyn.pruszczgdanski.pl\/index.php?rest_route=\/wp\/v2\/posts\/8283\/revisions"}],"predecessor-version":[{"id":8293,"href":"https:\/\/szkolastraszyn.pruszczgdanski.pl\/index.php?rest_route=\/wp\/v2\/posts\/8283\/revisions\/8293"}],"wp:attachment":[{"href":"https:\/\/szkolastraszyn.pruszczgdanski.pl\/index.php?rest_route=%2Fwp%2Fv2%2Fmedia&parent=8283"}],"wp:term":[{"taxonomy":"category","embeddable":true,"href":"https:\/\/szkolastraszyn.pruszczgdanski.pl\/index.php?rest_route=%2Fwp%2Fv2%2Fcategories&post=8283"},{"taxonomy":"post_tag","embeddable":true,"href":"https:\/\/szkolastraszyn.pruszczgdanski.pl\/index.php?rest_route=%2Fwp%2Fv2%2Ftags&post=8283"}],"curies":[{"name":"wp","href":"https:\/\/api.w.org\/{rel}","templated":true}]}}