{"id":7199,"date":"2021-11-02T17:27:42","date_gmt":"2021-11-02T17:27:42","guid":{"rendered":"http:\/\/szkolastraszyn.pruszczgdanski.pl\/?p=7199"},"modified":"2021-11-02T17:31:26","modified_gmt":"2021-11-02T17:31:26","slug":"ii-miedzynarodowa-edycja-akcji-przerwa-na-czytanie-bicie-rekordu-w-czytaniu-na-przerwie","status":"publish","type":"post","link":"https:\/\/szkolastraszyn.pruszczgdanski.pl\/?p=7199","title":{"rendered":"II Mi\u0119dzynarodowa edycja akcji \u201ePrzerwa na czytanie \u2013 bicie rekordu w czytaniu na przerwie\u201d"},"content":{"rendered":"\t\t<div data-elementor-type=\"wp-post\" data-elementor-id=\"7199\" class=\"elementor elementor-7199\">\n\t\t\t\t\t\t<section class=\"elementor-section elementor-top-section elementor-element elementor-element-cd8658c elementor-section-boxed elementor-section-height-default elementor-section-height-default\" data-id=\"cd8658c\" data-element_type=\"section\" data-e-type=\"section\">\n\t\t\t\t\t\t<div class=\"elementor-container elementor-column-gap-default\">\n\t\t\t\t\t<div class=\"elementor-column elementor-col-100 elementor-top-column elementor-element elementor-element-1927177\" data-id=\"1927177\" data-element_type=\"column\" data-e-type=\"column\">\n\t\t\t<div class=\"elementor-widget-wrap elementor-element-populated\">\n\t\t\t\t\t\t<div class=\"elementor-element elementor-element-95a2b8c elementor-widget elementor-widget-text-editor\" data-id=\"95a2b8c\" data-element_type=\"widget\" data-e-type=\"widget\" data-widget_type=\"text-editor.default\">\n\t\t\t\t<div class=\"elementor-widget-container\">\n\t\t\t\t\t\t\t\t\t<p dir=\"ltr\"><span style=\"color: #000000;\">II Mi\u0119dzynarodowa edycja akcji \u201ePrzerwa na czytanie \u2013 bicie rekordu w czytaniu na przerwie\u201d<\/span><\/p><p dir=\"ltr\"><span style=\"color: #000000;\">28 pa\u017adziernika bie\u017c\u0105cego roku uczniowie naszej szko\u0142y\u00a0 klas I- III edukacji wczesnoszkolnej oraz klas IV-VIII szko\u0142y podstawowej wzi\u0119li udzia\u0142u w kolejnej II Mi\u0119dzynarodowej edycji VI Og\u00f3lnopolskiej akcji bicia rekordu w liczbie os\u00f3b czytaj\u0105cych na przerwie pt. &#8222;Przerwa na czytanie \u2013 bicie rekordu w czytaniu na przerwie&#8221;. Wydarzenie odbywa si\u0119 w ramach Mi\u0119dzynarodowego Miesi\u0105ca Bibliotek Szkolnych oraz kampanii spo\u0142ecznej\u00a0Ca\u0142a Polska Czyta Dzieciom.<\/span><br \/><span style=\"color: #000000;\">Celem akcji jest promowanie czytelnictwa w\u015br\u00f3d dzieci i m\u0142odzie\u017cy, pokazanie uczniom, \u017ce czytanie jest ciekawe, wzmocnienie wsp\u00f3\u0142pracy szk\u00f3\u0142 polskich z zagranicznymi, a tak\u017ce zach\u0119cenie uczni\u00f3w do si\u0119gania po ksi\u0105\u017ck\u0119 w ka\u017cdej sytuacji i ka\u017cdym miejscu.<\/span><br \/><br \/><span style=\"color: #000000;\">\u00a0\u00a0\u00a0 W akcji wzi\u0119li udzia\u0142 wszyscy obecni uczniowie klas I-VIII, kt\u00f3rzy na d\u0142ugiej przerwie zag\u0142\u0119bili si\u0119 w lektur\u0119 ulubionej ksi\u0105\u017cki. Ka\u017cdy czytaj\u0105cy otrzyma\u0142 s\u0142odki upominek. Bardzo si\u0119 cieszymy, \u017ce nasi uczniowie ch\u0119tnie czytaj\u0105 ksi\u0105\u017cki!!<\/span><br \/><span style=\"color: #000000;\">Nasz rekord: <b>824 czytaj\u0105cych<img decoding=\"async\" class=\"an1\" src=\"https:\/\/fonts.gstatic.com\/s\/e\/notoemoji\/13.1.1\/1f600\/72.png\" alt=\"\ud83d\ude00\" data-emoji=\"\ud83d\ude00\" aria-label=\"\ud83d\ude00\" \/><\/b><\/span><br \/><span style=\"color: #000000;\">\u00a0\u00a0\u00a0\u00a0\u00a0 Dzi\u0119kujemy za pomoc wszystkim wychowawcom i zapraszamy do wsp\u00f3\u0142pracy w przysz\u0142ym roku.<\/span><br \/><span style=\"color: #000000;\">\u00a0\u00a0\u00a0\u00a0\u00a0\u00a0\u00a0\u00a0\u00a0\u00a0\u00a0\u00a0\u00a0\u00a0\u00a0\u00a0\u00a0\u00a0\u00a0\u00a0 M.Zi\u0119ba- Boruci\u0144ska, B.Rycyk, E.Spirydowicz\u00a0<\/span><\/p>\t\t\t\t\t\t\t\t<\/div>\n\t\t\t\t<\/div>\n\t\t\t\t\t<\/div>\n\t\t<\/div>\n\t\t\t\t\t<\/div>\n\t\t<\/section>\n\t\t\t\t<section class=\"elementor-section elementor-top-section elementor-element elementor-element-5c7a73c elementor-section-boxed elementor-section-height-default elementor-section-height-default\" data-id=\"5c7a73c\" data-element_type=\"section\" data-e-type=\"section\">\n\t\t\t\t\t\t<div class=\"elementor-container elementor-column-gap-default\">\n\t\t\t\t\t<div class=\"elementor-column elementor-col-33 elementor-top-column elementor-element elementor-element-1d24190\" data-id=\"1d24190\" data-element_type=\"column\" data-e-type=\"column\">\n\t\t\t<div class=\"elementor-widget-wrap elementor-element-populated\">\n\t\t\t\t\t\t<div class=\"elementor-element elementor-element-f2e6aa0 elementor-widget elementor-widget-image\" data-id=\"f2e6aa0\" data-element_type=\"widget\" data-e-type=\"widget\" data-widget_type=\"image.default\">\n\t\t\t\t<div class=\"elementor-widget-container\">\n\t\t\t\t\t\t\t\t\t\t\t\t\t\t\t<img fetchpriority=\"high\" decoding=\"async\" width=\"960\" height=\"720\" src=\"https:\/\/szkolastraszyn.pruszczgdanski.pl\/wp-content\/uploads\/2021\/11\/received_1027717928020593.jpeg\" class=\"attachment-large size-large wp-image-7202\" alt=\"\" srcset=\"https:\/\/szkolastraszyn.pruszczgdanski.pl\/wp-content\/uploads\/2021\/11\/received_1027717928020593.jpeg 960w, https:\/\/szkolastraszyn.pruszczgdanski.pl\/wp-content\/uploads\/2021\/11\/received_1027717928020593-300x225.jpeg 300w, https:\/\/szkolastraszyn.pruszczgdanski.pl\/wp-content\/uploads\/2021\/11\/received_1027717928020593-768x576.jpeg 768w\" sizes=\"(max-width: 960px) 100vw, 960px\" \/>\t\t\t\t\t\t\t\t\t\t\t\t\t\t\t<\/div>\n\t\t\t\t<\/div>\n\t\t\t\t\t<\/div>\n\t\t<\/div>\n\t\t\t\t<div class=\"elementor-column elementor-col-33 elementor-top-column elementor-element elementor-element-e4ed2d1\" data-id=\"e4ed2d1\" data-element_type=\"column\" data-e-type=\"column\">\n\t\t\t<div class=\"elementor-widget-wrap elementor-element-populated\">\n\t\t\t\t\t\t<div class=\"elementor-element elementor-element-acc63f8 elementor-widget elementor-widget-image\" data-id=\"acc63f8\" data-element_type=\"widget\" data-e-type=\"widget\" data-widget_type=\"image.default\">\n\t\t\t\t<div class=\"elementor-widget-container\">\n\t\t\t\t\t\t\t\t\t\t\t\t\t\t\t<img decoding=\"async\" width=\"960\" height=\"718\" src=\"https:\/\/szkolastraszyn.pruszczgdanski.pl\/wp-content\/uploads\/2021\/11\/img_20211028_110343-1024x766.jpg\" class=\"attachment-large size-large wp-image-7201\" alt=\"\" srcset=\"https:\/\/szkolastraszyn.pruszczgdanski.pl\/wp-content\/uploads\/2021\/11\/img_20211028_110343-1024x766.jpg 1024w, https:\/\/szkolastraszyn.pruszczgdanski.pl\/wp-content\/uploads\/2021\/11\/img_20211028_110343-300x224.jpg 300w, https:\/\/szkolastraszyn.pruszczgdanski.pl\/wp-content\/uploads\/2021\/11\/img_20211028_110343-768x574.jpg 768w, https:\/\/szkolastraszyn.pruszczgdanski.pl\/wp-content\/uploads\/2021\/11\/img_20211028_110343-1536x1149.jpg 1536w, https:\/\/szkolastraszyn.pruszczgdanski.pl\/wp-content\/uploads\/2021\/11\/img_20211028_110343-2048x1532.jpg 2048w, https:\/\/szkolastraszyn.pruszczgdanski.pl\/wp-content\/uploads\/2021\/11\/img_20211028_110343-1140x853.jpg 1140w\" sizes=\"(max-width: 960px) 100vw, 960px\" \/>\t\t\t\t\t\t\t\t\t\t\t\t\t\t\t<\/div>\n\t\t\t\t<\/div>\n\t\t\t\t\t<\/div>\n\t\t<\/div>\n\t\t\t\t<div class=\"elementor-column elementor-col-33 elementor-top-column elementor-element elementor-element-4dc317a\" data-id=\"4dc317a\" data-element_type=\"column\" data-e-type=\"column\">\n\t\t\t<div class=\"elementor-widget-wrap elementor-element-populated\">\n\t\t\t\t\t\t<div class=\"elementor-element elementor-element-b05f5e9 elementor-widget elementor-widget-image\" data-id=\"b05f5e9\" data-element_type=\"widget\" data-e-type=\"widget\" data-widget_type=\"image.default\">\n\t\t\t\t<div class=\"elementor-widget-container\">\n\t\t\t\t\t\t\t\t\t\t\t\t\t\t\t<img decoding=\"async\" width=\"321\" height=\"428\" src=\"https:\/\/szkolastraszyn.pruszczgdanski.pl\/wp-content\/uploads\/2021\/11\/img_5154.jpg\" class=\"attachment-large size-large wp-image-7203\" alt=\"\" srcset=\"https:\/\/szkolastraszyn.pruszczgdanski.pl\/wp-content\/uploads\/2021\/11\/img_5154.jpg 321w, https:\/\/szkolastraszyn.pruszczgdanski.pl\/wp-content\/uploads\/2021\/11\/img_5154-225x300.jpg 225w\" sizes=\"(max-width: 321px) 100vw, 321px\" \/>\t\t\t\t\t\t\t\t\t\t\t\t\t\t\t<\/div>\n\t\t\t\t<\/div>\n\t\t\t\t\t<\/div>\n\t\t<\/div>\n\t\t\t\t\t<\/div>\n\t\t<\/section>\n\t\t\t\t<section class=\"elementor-section elementor-top-section elementor-element elementor-element-74d02df elementor-section-boxed elementor-section-height-default elementor-section-height-default\" data-id=\"74d02df\" data-element_type=\"section\" data-e-type=\"section\">\n\t\t\t\t\t\t<div class=\"elementor-container elementor-column-gap-default\">\n\t\t\t\t\t<div class=\"elementor-column elementor-col-33 elementor-top-column elementor-element elementor-element-951a7e2\" data-id=\"951a7e2\" data-element_type=\"column\" data-e-type=\"column\">\n\t\t\t<div class=\"elementor-widget-wrap elementor-element-populated\">\n\t\t\t\t\t\t<div class=\"elementor-element elementor-element-8f979ba elementor-widget elementor-widget-image\" data-id=\"8f979ba\" data-element_type=\"widget\" data-e-type=\"widget\" data-widget_type=\"image.default\">\n\t\t\t\t<div class=\"elementor-widget-container\">\n\t\t\t\t\t\t\t\t\t\t\t\t\t\t\t<img loading=\"lazy\" decoding=\"async\" width=\"498\" height=\"1024\" src=\"https:\/\/szkolastraszyn.pruszczgdanski.pl\/wp-content\/uploads\/2021\/11\/1635485129057-498x1024.jpg\" class=\"attachment-large size-large wp-image-7206\" alt=\"\" srcset=\"https:\/\/szkolastraszyn.pruszczgdanski.pl\/wp-content\/uploads\/2021\/11\/1635485129057-498x1024.jpg 498w, https:\/\/szkolastraszyn.pruszczgdanski.pl\/wp-content\/uploads\/2021\/11\/1635485129057-146x300.jpg 146w, https:\/\/szkolastraszyn.pruszczgdanski.pl\/wp-content\/uploads\/2021\/11\/1635485129057-768x1580.jpg 768w, https:\/\/szkolastraszyn.pruszczgdanski.pl\/wp-content\/uploads\/2021\/11\/1635485129057-747x1536.jpg 747w, https:\/\/szkolastraszyn.pruszczgdanski.pl\/wp-content\/uploads\/2021\/11\/1635485129057-996x2048.jpg 996w, https:\/\/szkolastraszyn.pruszczgdanski.pl\/wp-content\/uploads\/2021\/11\/1635485129057-1140x2345.jpg 1140w, https:\/\/szkolastraszyn.pruszczgdanski.pl\/wp-content\/uploads\/2021\/11\/1635485129057-scaled.jpg 1244w\" sizes=\"(max-width: 498px) 100vw, 498px\" \/>\t\t\t\t\t\t\t\t\t\t\t\t\t\t\t<\/div>\n\t\t\t\t<\/div>\n\t\t\t\t\t<\/div>\n\t\t<\/div>\n\t\t\t\t<div class=\"elementor-column elementor-col-33 elementor-top-column elementor-element elementor-element-09a0102\" data-id=\"09a0102\" data-element_type=\"column\" data-e-type=\"column\">\n\t\t\t<div class=\"elementor-widget-wrap elementor-element-populated\">\n\t\t\t\t\t\t<div class=\"elementor-element elementor-element-cd18392 elementor-widget elementor-widget-image\" data-id=\"cd18392\" data-element_type=\"widget\" data-e-type=\"widget\" data-widget_type=\"image.default\">\n\t\t\t\t<div class=\"elementor-widget-container\">\n\t\t\t\t\t\t\t\t\t\t\t\t\t\t\t<img loading=\"lazy\" decoding=\"async\" width=\"498\" height=\"1024\" src=\"https:\/\/szkolastraszyn.pruszczgdanski.pl\/wp-content\/uploads\/2021\/11\/1635485129050-498x1024.jpg\" class=\"attachment-large size-large wp-image-7205\" alt=\"\" srcset=\"https:\/\/szkolastraszyn.pruszczgdanski.pl\/wp-content\/uploads\/2021\/11\/1635485129050-498x1024.jpg 498w, https:\/\/szkolastraszyn.pruszczgdanski.pl\/wp-content\/uploads\/2021\/11\/1635485129050-146x300.jpg 146w, https:\/\/szkolastraszyn.pruszczgdanski.pl\/wp-content\/uploads\/2021\/11\/1635485129050-768x1580.jpg 768w, https:\/\/szkolastraszyn.pruszczgdanski.pl\/wp-content\/uploads\/2021\/11\/1635485129050-747x1536.jpg 747w, https:\/\/szkolastraszyn.pruszczgdanski.pl\/wp-content\/uploads\/2021\/11\/1635485129050-996x2048.jpg 996w, https:\/\/szkolastraszyn.pruszczgdanski.pl\/wp-content\/uploads\/2021\/11\/1635485129050-1140x2345.jpg 1140w, https:\/\/szkolastraszyn.pruszczgdanski.pl\/wp-content\/uploads\/2021\/11\/1635485129050-scaled.jpg 1244w\" sizes=\"(max-width: 498px) 100vw, 498px\" \/>\t\t\t\t\t\t\t\t\t\t\t\t\t\t\t<\/div>\n\t\t\t\t<\/div>\n\t\t\t\t\t<\/div>\n\t\t<\/div>\n\t\t\t\t<div class=\"elementor-column elementor-col-33 elementor-top-column elementor-element elementor-element-85ca3bb\" data-id=\"85ca3bb\" data-element_type=\"column\" data-e-type=\"column\">\n\t\t\t<div class=\"elementor-widget-wrap\">\n\t\t\t\t\t\t\t<\/div>\n\t\t<\/div>\n\t\t\t\t\t<\/div>\n\t\t<\/section>\n\t\t\t\t<\/div>\n\t\t","protected":false},"excerpt":{"rendered":"<p>II Mi\u0119dzynarodowa edycja akcji \u201ePrzerwa na czytanie \u2013 bicie rekordu w czytaniu na przerwie\u201d 28 pa\u017adziernika bie\u017c\u0105cego roku uczniowie naszej szko\u0142y\u00a0 klas I- III edukacji wczesnoszkolnej oraz klas IV-VIII szko\u0142y podstawowej wzi\u0119li udzia\u0142u w kolejnej II Mi\u0119dzynarodowej edycji VI Og\u00f3lnopolskiej akcji bicia rekordu w liczbie os\u00f3b czytaj\u0105cych na przerwie pt. &#8222;Przerwa na czytanie \u2013 bicie rekordu w czytaniu na przerwie&#8221;. Wydarzenie odbywa si\u0119 w ramach Mi\u0119dzynarodowego Miesi\u0105ca Bibliotek Szkolnych oraz kampanii spo\u0142ecznej\u00a0Ca\u0142a Polska Czyta Dzieciom.Celem akcji jest promowanie czytelnictwa w\u015br\u00f3d dzieci i m\u0142odzie\u017cy, pokazanie uczniom, \u017ce czytanie jest ciekawe, wzmocnienie wsp\u00f3\u0142pracy szk\u00f3\u0142 polskich z zagranicznymi, a tak\u017ce zach\u0119cenie uczni\u00f3w do si\u0119gania po ksi\u0105\u017ck\u0119 w ka\u017cdej sytuacji i ka\u017cdym miejscu. \u00a0\u00a0\u00a0 W akcji wzi\u0119li udzia\u0142 wszyscy obecni uczniowie klas I-VIII, kt\u00f3rzy na d\u0142ugiej przerwie zag\u0142\u0119bili si\u0119 w lektur\u0119 ulubionej ksi\u0105\u017cki. Ka\u017cdy czytaj\u0105cy otrzyma\u0142 s\u0142odki upominek. Bardzo si\u0119 cieszymy, \u017ce nasi uczniowie ch\u0119tnie czytaj\u0105 ksi\u0105\u017cki!!Nasz rekord: 824 czytaj\u0105cych\u00a0\u00a0\u00a0\u00a0\u00a0 Dzi\u0119kujemy za pomoc wszystkim wychowawcom i zapraszamy do wsp\u00f3\u0142pracy w przysz\u0142ym roku.\u00a0\u00a0\u00a0\u00a0\u00a0\u00a0\u00a0\u00a0\u00a0\u00a0\u00a0\u00a0\u00a0\u00a0\u00a0\u00a0\u00a0\u00a0\u00a0\u00a0 M.Zi\u0119ba- Boruci\u0144ska, B.Rycyk, E.Spirydowicz\u00a0<\/p>\n","protected":false},"author":1,"featured_media":0,"comment_status":"closed","ping_status":"closed","sticky":false,"template":"","format":"standard","meta":{"footnotes":""},"categories":[20,19,3,4],"tags":[],"class_list":["post-7199","post","type-post","status-publish","format-standard","hentry","category-aktualnosci","category-aktualnosci-biblioteczne","category-rodzice","category-uczniowie"],"_links":{"self":[{"href":"https:\/\/szkolastraszyn.pruszczgdanski.pl\/index.php?rest_route=\/wp\/v2\/posts\/7199","targetHints":{"allow":["GET"]}}],"collection":[{"href":"https:\/\/szkolastraszyn.pruszczgdanski.pl\/index.php?rest_route=\/wp\/v2\/posts"}],"about":[{"href":"https:\/\/szkolastraszyn.pruszczgdanski.pl\/index.php?rest_route=\/wp\/v2\/types\/post"}],"author":[{"embeddable":true,"href":"https:\/\/szkolastraszyn.pruszczgdanski.pl\/index.php?rest_route=\/wp\/v2\/users\/1"}],"replies":[{"embeddable":true,"href":"https:\/\/szkolastraszyn.pruszczgdanski.pl\/index.php?rest_route=%2Fwp%2Fv2%2Fcomments&post=7199"}],"version-history":[{"count":4,"href":"https:\/\/szkolastraszyn.pruszczgdanski.pl\/index.php?rest_route=\/wp\/v2\/posts\/7199\/revisions"}],"predecessor-version":[{"id":7209,"href":"https:\/\/szkolastraszyn.pruszczgdanski.pl\/index.php?rest_route=\/wp\/v2\/posts\/7199\/revisions\/7209"}],"wp:attachment":[{"href":"https:\/\/szkolastraszyn.pruszczgdanski.pl\/index.php?rest_route=%2Fwp%2Fv2%2Fmedia&parent=7199"}],"wp:term":[{"taxonomy":"category","embeddable":true,"href":"https:\/\/szkolastraszyn.pruszczgdanski.pl\/index.php?rest_route=%2Fwp%2Fv2%2Fcategories&post=7199"},{"taxonomy":"post_tag","embeddable":true,"href":"https:\/\/szkolastraszyn.pruszczgdanski.pl\/index.php?rest_route=%2Fwp%2Fv2%2Ftags&post=7199"}],"curies":[{"name":"wp","href":"https:\/\/api.w.org\/{rel}","templated":true}]}}