{"id":7176,"date":"2021-10-31T17:22:09","date_gmt":"2021-10-31T17:22:09","guid":{"rendered":"http:\/\/szkolastraszyn.pruszczgdanski.pl\/?p=7176"},"modified":"2021-10-31T17:23:29","modified_gmt":"2021-10-31T17:23:29","slug":"dzien-basni-i-bajek-5-11","status":"publish","type":"post","link":"https:\/\/szkolastraszyn.pruszczgdanski.pl\/?p=7176","title":{"rendered":"Dzie\u0144 Ba\u015bni i Bajek &#8211; 5.11."},"content":{"rendered":"\t\t<div data-elementor-type=\"wp-post\" data-elementor-id=\"7176\" class=\"elementor elementor-7176\">\n\t\t\t\t\t\t<section class=\"elementor-section elementor-top-section elementor-element elementor-element-f0293f3 elementor-section-boxed elementor-section-height-default elementor-section-height-default\" data-id=\"f0293f3\" data-element_type=\"section\" data-e-type=\"section\">\n\t\t\t\t\t\t<div class=\"elementor-container elementor-column-gap-default\">\n\t\t\t\t\t<div class=\"elementor-column elementor-col-100 elementor-top-column elementor-element elementor-element-9edb2dd\" data-id=\"9edb2dd\" data-element_type=\"column\" data-e-type=\"column\">\n\t\t\t<div class=\"elementor-widget-wrap elementor-element-populated\">\n\t\t\t\t\t\t<div class=\"elementor-element elementor-element-59b70a8 elementor-widget elementor-widget-text-editor\" data-id=\"59b70a8\" data-element_type=\"widget\" data-e-type=\"widget\" data-widget_type=\"text-editor.default\">\n\t\t\t\t<div class=\"elementor-widget-container\">\n\t\t\t\t\t\t\t\t\t<div dir=\"ltr\"><div dir=\"auto\"><span style=\"color: #000000;\"><strong><span style=\"color: #993366;\">Mi\u0119dzynarodowy Dzie\u0144 Ba\u015bni i Bajek<\/span><\/strong> w naszej szkole!<\/span><\/div><div dir=\"auto\"><span style=\"color: #000000;\">5 listopada<\/span><\/div><div dir=\"auto\"><span style=\"color: #000000;\">Uwa\u017camy i\u017c to dobry pretekst aby powr\u00f3ci\u0107 wspomnieniami do swoich ulubionych bajek z dzieci\u0144stwa oraz doskona\u0142a okazja do rozwijania zainteresowa\u0144 czytelniczych w\u015br\u00f3d dzieci. Chcieliby\u015bmy aby w tym dniu w naszej szkole by\u0142o jak w bajce. Aby po korytarzach przechadza\u0142y si\u0119 ksi\u0119\u017cniczki, kr\u00f3lewicze, kowboje czy supermeni. Zach\u0119camy do przebrania si\u0119 w ten dzie\u0144 za ulubione postacie z ba\u015bni i bajek.<\/span><\/div><div dir=\"auto\"><span style=\"color: #000000;\"><img decoding=\"async\" class=\"CToWUd\" src=\"https:\/\/ci4.googleusercontent.com\/proxy\/iWv72NO0a-ttRoE6Lg4UDVsnfj3WmWNxkrBAxUKesWLM_FCDMbnB9_ZpMPAkSrjrMRbdCsFCgt4m0AyXomZYqNDBQWLkvjzUuw3ruRet1-ztWF0e=s0-d-e1-ft#https:\/\/static.xx.fbcdn.net\/images\/emoji.php\/v9\/t2\/1\/16\/1f60d.png\" alt=\"\ud83d\ude0d\" width=\"16\" height=\"16\" \/><img decoding=\"async\" class=\"CToWUd\" src=\"https:\/\/ci4.googleusercontent.com\/proxy\/iWv72NO0a-ttRoE6Lg4UDVsnfj3WmWNxkrBAxUKesWLM_FCDMbnB9_ZpMPAkSrjrMRbdCsFCgt4m0AyXomZYqNDBQWLkvjzUuw3ruRet1-ztWF0e=s0-d-e1-ft#https:\/\/static.xx.fbcdn.net\/images\/emoji.php\/v9\/t2\/1\/16\/1f60d.png\" alt=\"\ud83d\ude0d\" width=\"16\" height=\"16\" \/><img decoding=\"async\" class=\"CToWUd\" src=\"https:\/\/ci4.googleusercontent.com\/proxy\/iWv72NO0a-ttRoE6Lg4UDVsnfj3WmWNxkrBAxUKesWLM_FCDMbnB9_ZpMPAkSrjrMRbdCsFCgt4m0AyXomZYqNDBQWLkvjzUuw3ruRet1-ztWF0e=s0-d-e1-ft#https:\/\/static.xx.fbcdn.net\/images\/emoji.php\/v9\/t2\/1\/16\/1f60d.png\" alt=\"\ud83d\ude0d\" width=\"16\" height=\"16\" \/><img decoding=\"async\" class=\"CToWUd\" src=\"https:\/\/ci4.googleusercontent.com\/proxy\/iWv72NO0a-ttRoE6Lg4UDVsnfj3WmWNxkrBAxUKesWLM_FCDMbnB9_ZpMPAkSrjrMRbdCsFCgt4m0AyXomZYqNDBQWLkvjzUuw3ruRet1-ztWF0e=s0-d-e1-ft#https:\/\/static.xx.fbcdn.net\/images\/emoji.php\/v9\/t2\/1\/16\/1f60d.png\" alt=\"\ud83d\ude0d\" width=\"16\" height=\"16\" \/><img decoding=\"async\" class=\"CToWUd\" src=\"https:\/\/ci4.googleusercontent.com\/proxy\/iWv72NO0a-ttRoE6Lg4UDVsnfj3WmWNxkrBAxUKesWLM_FCDMbnB9_ZpMPAkSrjrMRbdCsFCgt4m0AyXomZYqNDBQWLkvjzUuw3ruRet1-ztWF0e=s0-d-e1-ft#https:\/\/static.xx.fbcdn.net\/images\/emoji.php\/v9\/t2\/1\/16\/1f60d.png\" alt=\"\ud83d\ude0d\" width=\"16\" height=\"16\" \/>. Pozdrawiamy i zach\u0119camy do wsp\u00f3lnej zabawy.<\/span><\/div><div dir=\"auto\"><span style=\"color: #000000;\">Rada Samorz\u0105du Uczniowskiego wraz z opiekunami.<img decoding=\"async\" class=\"CToWUd\" src=\"https:\/\/ci3.googleusercontent.com\/proxy\/u3_a4_J6HoMxCdjOe2bthiGearXMjqBbYswSaYBhCyiPIBqop39l0dcg7itOz69IHzh6DEqwdWODxfB9sul5JaSTFFoJcv5LayyNPKYCHJz7GJtHRA=s0-d-e1-ft#https:\/\/static.xx.fbcdn.net\/images\/emoji.php\/v9\/tce\/1\/16\/1f600.png\" alt=\"\ud83d\ude00\" width=\"16\" height=\"16\" \/><img decoding=\"async\" class=\"CToWUd\" src=\"https:\/\/ci3.googleusercontent.com\/proxy\/u3_a4_J6HoMxCdjOe2bthiGearXMjqBbYswSaYBhCyiPIBqop39l0dcg7itOz69IHzh6DEqwdWODxfB9sul5JaSTFFoJcv5LayyNPKYCHJz7GJtHRA=s0-d-e1-ft#https:\/\/static.xx.fbcdn.net\/images\/emoji.php\/v9\/tce\/1\/16\/1f600.png\" alt=\"\ud83d\ude00\" width=\"16\" height=\"16\" \/><img decoding=\"async\" class=\"CToWUd\" src=\"https:\/\/ci3.googleusercontent.com\/proxy\/u3_a4_J6HoMxCdjOe2bthiGearXMjqBbYswSaYBhCyiPIBqop39l0dcg7itOz69IHzh6DEqwdWODxfB9sul5JaSTFFoJcv5LayyNPKYCHJz7GJtHRA=s0-d-e1-ft#https:\/\/static.xx.fbcdn.net\/images\/emoji.php\/v9\/tce\/1\/16\/1f600.png\" alt=\"\ud83d\ude00\" width=\"16\" height=\"16\" \/><img decoding=\"async\" class=\"CToWUd\" src=\"https:\/\/ci3.googleusercontent.com\/proxy\/u3_a4_J6HoMxCdjOe2bthiGearXMjqBbYswSaYBhCyiPIBqop39l0dcg7itOz69IHzh6DEqwdWODxfB9sul5JaSTFFoJcv5LayyNPKYCHJz7GJtHRA=s0-d-e1-ft#https:\/\/static.xx.fbcdn.net\/images\/emoji.php\/v9\/tce\/1\/16\/1f600.png\" alt=\"\ud83d\ude00\" width=\"16\" height=\"16\" \/><\/span><\/div><\/div>\t\t\t\t\t\t\t\t<\/div>\n\t\t\t\t<\/div>\n\t\t\t\t\t<\/div>\n\t\t<\/div>\n\t\t\t\t\t<\/div>\n\t\t<\/section>\n\t\t\t\t<\/div>\n\t\t","protected":false},"excerpt":{"rendered":"<p>Mi\u0119dzynarodowy Dzie\u0144 Ba\u015bni i Bajek w naszej szkole!5 listopadaUwa\u017camy i\u017c to dobry pretekst aby powr\u00f3ci\u0107 wspomnieniami do swoich ulubionych bajek z dzieci\u0144stwa oraz doskona\u0142a okazja do rozwijania zainteresowa\u0144 czytelniczych w\u015br\u00f3d dzieci. Chcieliby\u015bmy aby w tym dniu w naszej szkole by\u0142o jak w bajce. Aby po korytarzach przechadza\u0142y si\u0119 ksi\u0119\u017cniczki, kr\u00f3lewicze, kowboje czy supermeni. Zach\u0119camy do przebrania si\u0119 w ten dzie\u0144 za ulubione postacie z ba\u015bni i bajek.. Pozdrawiamy i zach\u0119camy do wsp\u00f3lnej zabawy.Rada Samorz\u0105du Uczniowskiego wraz z opiekunami.<\/p>\n","protected":false},"author":1,"featured_media":0,"comment_status":"closed","ping_status":"closed","sticky":false,"template":"","format":"standard","meta":{"footnotes":""},"categories":[20,3,4,18],"tags":[],"class_list":["post-7176","post","type-post","status-publish","format-standard","hentry","category-aktualnosci","category-rodzice","category-uczniowie","category-njusy-samorzadu"],"_links":{"self":[{"href":"https:\/\/szkolastraszyn.pruszczgdanski.pl\/index.php?rest_route=\/wp\/v2\/posts\/7176","targetHints":{"allow":["GET"]}}],"collection":[{"href":"https:\/\/szkolastraszyn.pruszczgdanski.pl\/index.php?rest_route=\/wp\/v2\/posts"}],"about":[{"href":"https:\/\/szkolastraszyn.pruszczgdanski.pl\/index.php?rest_route=\/wp\/v2\/types\/post"}],"author":[{"embeddable":true,"href":"https:\/\/szkolastraszyn.pruszczgdanski.pl\/index.php?rest_route=\/wp\/v2\/users\/1"}],"replies":[{"embeddable":true,"href":"https:\/\/szkolastraszyn.pruszczgdanski.pl\/index.php?rest_route=%2Fwp%2Fv2%2Fcomments&post=7176"}],"version-history":[{"count":4,"href":"https:\/\/szkolastraszyn.pruszczgdanski.pl\/index.php?rest_route=\/wp\/v2\/posts\/7176\/revisions"}],"predecessor-version":[{"id":7180,"href":"https:\/\/szkolastraszyn.pruszczgdanski.pl\/index.php?rest_route=\/wp\/v2\/posts\/7176\/revisions\/7180"}],"wp:attachment":[{"href":"https:\/\/szkolastraszyn.pruszczgdanski.pl\/index.php?rest_route=%2Fwp%2Fv2%2Fmedia&parent=7176"}],"wp:term":[{"taxonomy":"category","embeddable":true,"href":"https:\/\/szkolastraszyn.pruszczgdanski.pl\/index.php?rest_route=%2Fwp%2Fv2%2Fcategories&post=7176"},{"taxonomy":"post_tag","embeddable":true,"href":"https:\/\/szkolastraszyn.pruszczgdanski.pl\/index.php?rest_route=%2Fwp%2Fv2%2Ftags&post=7176"}],"curies":[{"name":"wp","href":"https:\/\/api.w.org\/{rel}","templated":true}]}}