{"id":7006,"date":"2021-10-07T09:23:17","date_gmt":"2021-10-07T09:23:17","guid":{"rendered":"http:\/\/szkolastraszyn.pruszczgdanski.pl\/?p=7006"},"modified":"2021-10-07T09:24:46","modified_gmt":"2021-10-07T09:24:46","slug":"konkurs-plastyczny-badzmy-eko-zaangazowani","status":"publish","type":"post","link":"https:\/\/szkolastraszyn.pruszczgdanski.pl\/?p=7006","title":{"rendered":"Konkurs plastyczny &#8222;B\u0105d\u017amy EKO zaanga\u017cowani&#8221;"},"content":{"rendered":"\t\t<div data-elementor-type=\"wp-post\" data-elementor-id=\"7006\" class=\"elementor elementor-7006\">\n\t\t\t\t\t\t<section class=\"elementor-section elementor-top-section elementor-element elementor-element-fbf2f08 elementor-section-boxed elementor-section-height-default elementor-section-height-default\" data-id=\"fbf2f08\" data-element_type=\"section\" data-e-type=\"section\">\n\t\t\t\t\t\t<div class=\"elementor-container elementor-column-gap-default\">\n\t\t\t\t\t<div class=\"elementor-column elementor-col-100 elementor-top-column elementor-element elementor-element-e4d848e\" data-id=\"e4d848e\" data-element_type=\"column\" data-e-type=\"column\">\n\t\t\t<div class=\"elementor-widget-wrap elementor-element-populated\">\n\t\t\t\t\t\t<div class=\"elementor-element elementor-element-fcd643c elementor-widget elementor-widget-text-editor\" data-id=\"fcd643c\" data-element_type=\"widget\" data-e-type=\"widget\" data-widget_type=\"text-editor.default\">\n\t\t\t\t<div class=\"elementor-widget-container\">\n\t\t\t\t\t\t\t\t\t<p>\u00a0<\/p><p style=\"font-weight: 400;\"><span style=\"color: #000000;\"><em>Pedagogiczna Biblioteka Wojew\u00f3dzka \u2013 Filia w Pruszczu Gda\u0144skim oraz Starostwo Powiatowe w Pruszczu Gda\u0144skim zapraszaj\u0105 uczni\u00f3w klas VI, VII, VIII szk\u00f3\u0142 podstawowych i klas I szk\u00f3\u0142 ponadpodstawowych do wzi\u0119cia udzia\u0142u w powiatowym konkursie plastycznym pt. \u201eB\u0104D\u0179MY EKO ZAANGA\u017bOWANI\u201d. Celem konkursu jest m. in. rozw\u00f3j \u015bwiadomo\u015bci ekologicznej w\u015br\u00f3d dzieci i m\u0142odzie\u017cy a tak\u017ce zach\u0119canie do podejmowania praktycznych dzia\u0142a\u0144 na rzecz ochrony \u015brodowiska.<\/em><\/span><\/p><p style=\"font-weight: 400;\"><span style=\"color: #000000;\"><em><strong>Prace plastyczne w formacie A \u00b3, wykonane technik\u0105 dowoln\u0105 prosimy dostarczy\u0107 do PBW Filii w Pruszczu Gda\u0144skim, ul. Obro\u0144c\u00f3w Pokoju 6 do dnia 16 listopada br.<\/strong><\/em><\/span><\/p><p style=\"font-weight: 400;\"><span style=\"color: #000000;\"><em> Jury powo\u0142ane przez organizatora dokona oceny prac, bior\u0105c pod uwag\u0119 m. in. zgodno\u015b\u0107 z tematem, \u00a0<\/em><\/span><\/p><p style=\"font-weight: 400;\"><span style=\"color: #000000;\"><em>walory merytoryczne, artystyczne i estetyczne. Prace b\u0119d\u0105 oceniane w dw\u00f3ch kategoriach wiekowych.<\/em><\/span><\/p><p style=\"font-weight: 400;\"><span style=\"color: #000000;\"><em>Wszelkich informacji udzielaj\u0105 organizatorzy<\/em><\/span><\/p><p style=\"font-weight: 400;\"><span style=\"color: #000000;\"><em>Serdecznie zapraszamy do uczestnictwa w konkursie!<\/em><\/span><\/p><p><a href=\"https:\/\/szkolastraszyn.pruszczgdanski.pl\/wp-content\/uploads\/2021\/10\/Regulamin-konkursu-plastycznego-kl.-VII-VIII-i-kl.-I-ponadpodst..2019-20.docx\" target=\"_blank\" rel=\"noopener\">Regulamin<\/a><\/p>\t\t\t\t\t\t\t\t<\/div>\n\t\t\t\t<\/div>\n\t\t\t\t\t<\/div>\n\t\t<\/div>\n\t\t\t\t\t<\/div>\n\t\t<\/section>\n\t\t\t\t<section class=\"elementor-section elementor-top-section elementor-element elementor-element-ba4516e elementor-section-boxed elementor-section-height-default elementor-section-height-default\" data-id=\"ba4516e\" data-element_type=\"section\" data-e-type=\"section\">\n\t\t\t\t\t\t<div class=\"elementor-container elementor-column-gap-default\">\n\t\t\t\t\t<div class=\"elementor-column elementor-col-100 elementor-top-column elementor-element elementor-element-1bdc6c8\" data-id=\"1bdc6c8\" data-element_type=\"column\" data-e-type=\"column\">\n\t\t\t<div class=\"elementor-widget-wrap elementor-element-populated\">\n\t\t\t\t\t\t<div class=\"elementor-element elementor-element-6c71199 elementor-widget elementor-widget-image\" data-id=\"6c71199\" data-element_type=\"widget\" data-e-type=\"widget\" data-widget_type=\"image.default\">\n\t\t\t\t<div class=\"elementor-widget-container\">\n\t\t\t\t\t\t\t\t\t\t\t\t\t\t\t<img fetchpriority=\"high\" decoding=\"async\" width=\"495\" height=\"286\" src=\"https:\/\/szkolastraszyn.pruszczgdanski.pl\/wp-content\/uploads\/2021\/10\/EkO.jpg\" class=\"attachment-large size-large wp-image-7005\" alt=\"\" srcset=\"https:\/\/szkolastraszyn.pruszczgdanski.pl\/wp-content\/uploads\/2021\/10\/EkO.jpg 495w, https:\/\/szkolastraszyn.pruszczgdanski.pl\/wp-content\/uploads\/2021\/10\/EkO-300x173.jpg 300w\" sizes=\"(max-width: 495px) 100vw, 495px\" \/>\t\t\t\t\t\t\t\t\t\t\t\t\t\t\t<\/div>\n\t\t\t\t<\/div>\n\t\t\t\t\t<\/div>\n\t\t<\/div>\n\t\t\t\t\t<\/div>\n\t\t<\/section>\n\t\t\t\t<\/div>\n\t\t","protected":false},"excerpt":{"rendered":"<p>\u00a0 Pedagogiczna Biblioteka Wojew\u00f3dzka \u2013 Filia w Pruszczu Gda\u0144skim oraz Starostwo Powiatowe w Pruszczu Gda\u0144skim zapraszaj\u0105 uczni\u00f3w klas VI, VII, VIII szk\u00f3\u0142 podstawowych i klas I szk\u00f3\u0142 ponadpodstawowych do wzi\u0119cia udzia\u0142u w powiatowym konkursie plastycznym pt. \u201eB\u0104D\u0179MY EKO ZAANGA\u017bOWANI\u201d. Celem konkursu jest m. in. rozw\u00f3j \u015bwiadomo\u015bci ekologicznej w\u015br\u00f3d dzieci i m\u0142odzie\u017cy a tak\u017ce zach\u0119canie do podejmowania praktycznych dzia\u0142a\u0144 na rzecz ochrony \u015brodowiska. Prace plastyczne w formacie A \u00b3, wykonane technik\u0105 dowoln\u0105 prosimy dostarczy\u0107 do PBW Filii w Pruszczu Gda\u0144skim, ul. Obro\u0144c\u00f3w Pokoju 6 do dnia 16 listopada br. Jury powo\u0142ane przez organizatora dokona oceny prac, bior\u0105c pod uwag\u0119 m. in. zgodno\u015b\u0107 z tematem, \u00a0 walory merytoryczne, artystyczne i estetyczne. Prace b\u0119d\u0105 oceniane w dw\u00f3ch kategoriach wiekowych. Wszelkich informacji udzielaj\u0105 organizatorzy Serdecznie zapraszamy do uczestnictwa w konkursie! Regulamin<\/p>\n","protected":false},"author":1,"featured_media":0,"comment_status":"closed","ping_status":"closed","sticky":false,"template":"","format":"standard","meta":{"footnotes":""},"categories":[20,3,4,8],"tags":[],"class_list":["post-7006","post","type-post","status-publish","format-standard","hentry","category-aktualnosci","category-rodzice","category-uczniowie","category-konkursy"],"_links":{"self":[{"href":"https:\/\/szkolastraszyn.pruszczgdanski.pl\/index.php?rest_route=\/wp\/v2\/posts\/7006","targetHints":{"allow":["GET"]}}],"collection":[{"href":"https:\/\/szkolastraszyn.pruszczgdanski.pl\/index.php?rest_route=\/wp\/v2\/posts"}],"about":[{"href":"https:\/\/szkolastraszyn.pruszczgdanski.pl\/index.php?rest_route=\/wp\/v2\/types\/post"}],"author":[{"embeddable":true,"href":"https:\/\/szkolastraszyn.pruszczgdanski.pl\/index.php?rest_route=\/wp\/v2\/users\/1"}],"replies":[{"embeddable":true,"href":"https:\/\/szkolastraszyn.pruszczgdanski.pl\/index.php?rest_route=%2Fwp%2Fv2%2Fcomments&post=7006"}],"version-history":[{"count":4,"href":"https:\/\/szkolastraszyn.pruszczgdanski.pl\/index.php?rest_route=\/wp\/v2\/posts\/7006\/revisions"}],"predecessor-version":[{"id":7010,"href":"https:\/\/szkolastraszyn.pruszczgdanski.pl\/index.php?rest_route=\/wp\/v2\/posts\/7006\/revisions\/7010"}],"wp:attachment":[{"href":"https:\/\/szkolastraszyn.pruszczgdanski.pl\/index.php?rest_route=%2Fwp%2Fv2%2Fmedia&parent=7006"}],"wp:term":[{"taxonomy":"category","embeddable":true,"href":"https:\/\/szkolastraszyn.pruszczgdanski.pl\/index.php?rest_route=%2Fwp%2Fv2%2Fcategories&post=7006"},{"taxonomy":"post_tag","embeddable":true,"href":"https:\/\/szkolastraszyn.pruszczgdanski.pl\/index.php?rest_route=%2Fwp%2Fv2%2Ftags&post=7006"}],"curies":[{"name":"wp","href":"https:\/\/api.w.org\/{rel}","templated":true}]}}