{"id":6783,"date":"2021-09-20T15:06:44","date_gmt":"2021-09-20T15:06:44","guid":{"rendered":"http:\/\/szkolastraszyn.pruszczgdanski.pl\/?p=6783"},"modified":"2021-09-20T15:07:31","modified_gmt":"2021-09-20T15:07:31","slug":"wielki-maraton-czytelniczy-test-nr-1","status":"publish","type":"post","link":"https:\/\/szkolastraszyn.pruszczgdanski.pl\/?p=6783","title":{"rendered":"Wielki Maraton Czytelniczy &#8211; test nr 1"},"content":{"rendered":"\t\t<div data-elementor-type=\"wp-post\" data-elementor-id=\"6783\" class=\"elementor elementor-6783\">\n\t\t\t\t\t\t<section class=\"elementor-section elementor-top-section elementor-element elementor-element-65b9baa elementor-section-boxed elementor-section-height-default elementor-section-height-default\" data-id=\"65b9baa\" data-element_type=\"section\" data-e-type=\"section\">\n\t\t\t\t\t\t<div class=\"elementor-container elementor-column-gap-default\">\n\t\t\t\t\t<div class=\"elementor-column elementor-col-100 elementor-top-column elementor-element elementor-element-0d0b62e\" data-id=\"0d0b62e\" data-element_type=\"column\" data-e-type=\"column\">\n\t\t\t<div class=\"elementor-widget-wrap elementor-element-populated\">\n\t\t\t\t\t\t<div class=\"elementor-element elementor-element-7255f68 elementor-widget elementor-widget-text-editor\" data-id=\"7255f68\" data-element_type=\"widget\" data-e-type=\"widget\" data-widget_type=\"text-editor.default\">\n\t\t\t\t<div class=\"elementor-widget-container\">\n\t\t\t\t\t\t\t\t\t<p><span style=\"color: #000000;\"><strong>Wielki Maraton Czytelniczy<\/strong><\/span><\/p><p><span style=\"color: #000000;\"><strong>\u201eCzytanie rozwija, czytanie wzbogaca\u201d<\/strong><\/span><\/p><p><span style=\"color: #000000;\"><strong>dla klas 4-6<\/strong><\/span><\/p><p><span style=\"color: #000000;\"><strong>\u00a0<\/strong><\/span><\/p><p><span style=\"color: #000000;\">W dniu 5. 10. 2021r. (wtorek) na 8 lekcji w sali 105 odb\u0119dzie si\u0119 pierwszy Maraton. Test dotyczy\u0142 b\u0119dzie znajomo\u015bci wybranych opowiada\u0144 Stanis\u0142awa Lema \u00a0\u201eTrzej Elektrycerze\u201d, \u201e Uranowe uszy\u201d oraz \u201eDoradcy kr\u00f3la Hydropsa\u201d, kt\u00f3re znajdziemy w \u201eBajkach robot\u00f3w\u201d. Zapraszam.<\/span><\/p><p>\u00a0<\/p><p>\u00a0<\/p><p><span style=\"color: #000000;\">Koordynator<\/span><\/p><p><span style=\"color: #000000;\">Monika Osi\u0144ska<\/span><\/p>\t\t\t\t\t\t\t\t<\/div>\n\t\t\t\t<\/div>\n\t\t\t\t\t<\/div>\n\t\t<\/div>\n\t\t\t\t\t<\/div>\n\t\t<\/section>\n\t\t\t\t<\/div>\n\t\t","protected":false},"excerpt":{"rendered":"<p>Wielki Maraton Czytelniczy \u201eCzytanie rozwija, czytanie wzbogaca\u201d dla klas 4-6 \u00a0 W dniu 5. 10. 2021r. (wtorek) na 8 lekcji w sali 105 odb\u0119dzie si\u0119 pierwszy Maraton. Test dotyczy\u0142 b\u0119dzie znajomo\u015bci wybranych opowiada\u0144 Stanis\u0142awa Lema \u00a0\u201eTrzej Elektrycerze\u201d, \u201e Uranowe uszy\u201d oraz \u201eDoradcy kr\u00f3la Hydropsa\u201d, kt\u00f3re znajdziemy w \u201eBajkach robot\u00f3w\u201d. Zapraszam. \u00a0 \u00a0 Koordynator Monika Osi\u0144ska<\/p>\n","protected":false},"author":1,"featured_media":0,"comment_status":"closed","ping_status":"closed","sticky":false,"template":"","format":"standard","meta":{"footnotes":""},"categories":[20,4,8],"tags":[],"class_list":["post-6783","post","type-post","status-publish","format-standard","hentry","category-aktualnosci","category-uczniowie","category-konkursy"],"_links":{"self":[{"href":"https:\/\/szkolastraszyn.pruszczgdanski.pl\/index.php?rest_route=\/wp\/v2\/posts\/6783","targetHints":{"allow":["GET"]}}],"collection":[{"href":"https:\/\/szkolastraszyn.pruszczgdanski.pl\/index.php?rest_route=\/wp\/v2\/posts"}],"about":[{"href":"https:\/\/szkolastraszyn.pruszczgdanski.pl\/index.php?rest_route=\/wp\/v2\/types\/post"}],"author":[{"embeddable":true,"href":"https:\/\/szkolastraszyn.pruszczgdanski.pl\/index.php?rest_route=\/wp\/v2\/users\/1"}],"replies":[{"embeddable":true,"href":"https:\/\/szkolastraszyn.pruszczgdanski.pl\/index.php?rest_route=%2Fwp%2Fv2%2Fcomments&post=6783"}],"version-history":[{"count":4,"href":"https:\/\/szkolastraszyn.pruszczgdanski.pl\/index.php?rest_route=\/wp\/v2\/posts\/6783\/revisions"}],"predecessor-version":[{"id":6787,"href":"https:\/\/szkolastraszyn.pruszczgdanski.pl\/index.php?rest_route=\/wp\/v2\/posts\/6783\/revisions\/6787"}],"wp:attachment":[{"href":"https:\/\/szkolastraszyn.pruszczgdanski.pl\/index.php?rest_route=%2Fwp%2Fv2%2Fmedia&parent=6783"}],"wp:term":[{"taxonomy":"category","embeddable":true,"href":"https:\/\/szkolastraszyn.pruszczgdanski.pl\/index.php?rest_route=%2Fwp%2Fv2%2Fcategories&post=6783"},{"taxonomy":"post_tag","embeddable":true,"href":"https:\/\/szkolastraszyn.pruszczgdanski.pl\/index.php?rest_route=%2Fwp%2Fv2%2Ftags&post=6783"}],"curies":[{"name":"wp","href":"https:\/\/api.w.org\/{rel}","templated":true}]}}