{"id":6696,"date":"2021-09-08T15:17:34","date_gmt":"2021-09-08T15:17:34","guid":{"rendered":"http:\/\/szkolastraszyn.pruszczgdanski.pl\/?p=6696"},"modified":"2021-09-16T11:22:15","modified_gmt":"2021-09-16T11:22:15","slug":"adopcja-serca-zbiorki","status":"publish","type":"post","link":"https:\/\/szkolastraszyn.pruszczgdanski.pl\/?p=6696","title":{"rendered":"Adopcja Serca &#8211; zbi\u00f3rki"},"content":{"rendered":"\t\t<div data-elementor-type=\"wp-post\" data-elementor-id=\"6696\" class=\"elementor elementor-6696\">\n\t\t\t\t\t\t<section class=\"elementor-section elementor-top-section elementor-element elementor-element-e1fc6c4 elementor-section-boxed elementor-section-height-default elementor-section-height-default\" data-id=\"e1fc6c4\" data-element_type=\"section\" data-e-type=\"section\">\n\t\t\t\t\t\t<div class=\"elementor-container elementor-column-gap-default\">\n\t\t\t\t\t<div class=\"elementor-column elementor-col-100 elementor-top-column elementor-element elementor-element-5e3d29f\" data-id=\"5e3d29f\" data-element_type=\"column\" data-e-type=\"column\">\n\t\t\t<div class=\"elementor-widget-wrap elementor-element-populated\">\n\t\t\t\t\t\t<div class=\"elementor-element elementor-element-21736ac elementor-widget elementor-widget-text-editor\" data-id=\"21736ac\" data-element_type=\"widget\" data-e-type=\"widget\" data-widget_type=\"text-editor.default\">\n\t\t\t\t<div class=\"elementor-widget-container\">\n\t\t\t\t\t\t\t\t\t<p><span style=\"color: #000000;\">Dzieci naszej szko\u0142y, w ramach programu ADOPCJA SERCA, od trzech lat opiekuj\u0105 si\u0119 afryka\u0144skim ch\u0142opcem, op\u0142acaj\u0105c mu nauk\u0119 w szkole, leczenie, obiady i ubranie.\u00a0Koszt utrzymania jednego dziecka wynosi m-cznie od 13 euro (dzieci ma\u0142e i zdrowe) do 26 euro (dzieci niepe\u0142nosprawne).<\/span><\/p><div><span style=\"color: #000000;\">Nasz podopieczny to Abraham Rwibutso ur. 2010r. Mieszka on w Rwandzie. Przygarni\u0119ty zosta\u0142 przez 80-letni\u0105 p. Apoloni\u0119, kt\u00f3ra opiekuje si\u0119 r\u00f3wnie\u017c 36-letni\u0105, przybran\u0105 c\u00f3rk\u0105 choruj\u0105c\u0105 na padaczk\u0119. Pani Apolonia ma niewielki ogr\u00f3dek, kt\u00f3rego plony sprzedaje w\u015br\u00f3d s\u0105siad\u00f3w (nie posiada innych dochod\u00f3w).<\/span><\/div><div><span style=\"color: #000000;\">Zbi\u00f3rki pieni\u0119dzy odbywaj\u0105 si\u0119 w czwartki. <\/span><\/div><div><span style=\"color: #000000;\">Zapraszamy wszystkich do w\u0142\u0105czenia si\u0119 do naszej akcji.<\/span><\/div>\t\t\t\t\t\t\t\t<\/div>\n\t\t\t\t<\/div>\n\t\t\t\t\t<\/div>\n\t\t<\/div>\n\t\t\t\t\t<\/div>\n\t\t<\/section>\n\t\t\t\t<section class=\"elementor-section elementor-top-section elementor-element elementor-element-db398bf elementor-section-boxed elementor-section-height-default elementor-section-height-default\" data-id=\"db398bf\" data-element_type=\"section\" data-e-type=\"section\">\n\t\t\t\t\t\t<div class=\"elementor-container elementor-column-gap-default\">\n\t\t\t\t\t<div class=\"elementor-column elementor-col-50 elementor-top-column elementor-element elementor-element-e12f9b5\" data-id=\"e12f9b5\" data-element_type=\"column\" data-e-type=\"column\">\n\t\t\t<div class=\"elementor-widget-wrap elementor-element-populated\">\n\t\t\t\t\t\t<div class=\"elementor-element elementor-element-34a616b elementor-widget elementor-widget-image\" data-id=\"34a616b\" data-element_type=\"widget\" data-e-type=\"widget\" data-widget_type=\"image.default\">\n\t\t\t\t<div class=\"elementor-widget-container\">\n\t\t\t\t\t\t\t\t\t\t\t\t\t\t\t<img fetchpriority=\"high\" decoding=\"async\" width=\"853\" height=\"394\" src=\"https:\/\/szkolastraszyn.pruszczgdanski.pl\/wp-content\/uploads\/2021\/09\/Abraham-dom.jpg\" class=\"attachment-large size-large wp-image-6766\" alt=\"\" srcset=\"https:\/\/szkolastraszyn.pruszczgdanski.pl\/wp-content\/uploads\/2021\/09\/Abraham-dom.jpg 853w, https:\/\/szkolastraszyn.pruszczgdanski.pl\/wp-content\/uploads\/2021\/09\/Abraham-dom-300x139.jpg 300w, https:\/\/szkolastraszyn.pruszczgdanski.pl\/wp-content\/uploads\/2021\/09\/Abraham-dom-768x355.jpg 768w\" sizes=\"(max-width: 853px) 100vw, 853px\" \/>\t\t\t\t\t\t\t\t\t\t\t\t\t\t\t<\/div>\n\t\t\t\t<\/div>\n\t\t\t\t\t<\/div>\n\t\t<\/div>\n\t\t\t\t<div class=\"elementor-column elementor-col-50 elementor-top-column elementor-element elementor-element-8de2c56\" data-id=\"8de2c56\" data-element_type=\"column\" data-e-type=\"column\">\n\t\t\t<div class=\"elementor-widget-wrap elementor-element-populated\">\n\t\t\t\t\t\t<div class=\"elementor-element elementor-element-e5bb255 elementor-widget elementor-widget-image\" data-id=\"e5bb255\" data-element_type=\"widget\" data-e-type=\"widget\" data-widget_type=\"image.default\">\n\t\t\t\t<div class=\"elementor-widget-container\">\n\t\t\t\t\t\t\t\t\t\t\t\t\t\t\t<img decoding=\"async\" width=\"494\" height=\"1024\" src=\"https:\/\/szkolastraszyn.pruszczgdanski.pl\/wp-content\/uploads\/2021\/09\/Abraham1-1-494x1024.jpg\" class=\"attachment-large size-large wp-image-6765\" alt=\"\" srcset=\"https:\/\/szkolastraszyn.pruszczgdanski.pl\/wp-content\/uploads\/2021\/09\/Abraham1-1-494x1024.jpg 494w, https:\/\/szkolastraszyn.pruszczgdanski.pl\/wp-content\/uploads\/2021\/09\/Abraham1-1-145x300.jpg 145w, https:\/\/szkolastraszyn.pruszczgdanski.pl\/wp-content\/uploads\/2021\/09\/Abraham1-1.jpg 498w\" sizes=\"(max-width: 494px) 100vw, 494px\" \/>\t\t\t\t\t\t\t\t\t\t\t\t\t\t\t<\/div>\n\t\t\t\t<\/div>\n\t\t\t\t\t<\/div>\n\t\t<\/div>\n\t\t\t\t\t<\/div>\n\t\t<\/section>\n\t\t\t\t<\/div>\n\t\t","protected":false},"excerpt":{"rendered":"<p>Dzieci naszej szko\u0142y, w ramach programu ADOPCJA SERCA, od trzech lat opiekuj\u0105 si\u0119 afryka\u0144skim ch\u0142opcem, op\u0142acaj\u0105c mu nauk\u0119 w szkole, leczenie, obiady i ubranie.\u00a0Koszt utrzymania jednego dziecka wynosi m-cznie od 13 euro (dzieci ma\u0142e i zdrowe) do 26 euro (dzieci niepe\u0142nosprawne). Nasz podopieczny to Abraham Rwibutso ur. 2010r. Mieszka on w Rwandzie. Przygarni\u0119ty zosta\u0142 przez 80-letni\u0105 p. Apoloni\u0119, kt\u00f3ra opiekuje si\u0119 r\u00f3wnie\u017c 36-letni\u0105, przybran\u0105 c\u00f3rk\u0105 choruj\u0105c\u0105 na padaczk\u0119. Pani Apolonia ma niewielki ogr\u00f3dek, kt\u00f3rego plony sprzedaje w\u015br\u00f3d s\u0105siad\u00f3w (nie posiada innych dochod\u00f3w).Zbi\u00f3rki pieni\u0119dzy odbywaj\u0105 si\u0119 w czwartki. Zapraszamy wszystkich do w\u0142\u0105czenia si\u0119 do naszej akcji.<\/p>\n","protected":false},"author":1,"featured_media":0,"comment_status":"closed","ping_status":"closed","sticky":false,"template":"","format":"standard","meta":{"footnotes":""},"categories":[20,3,4,6],"tags":[],"class_list":["post-6696","post","type-post","status-publish","format-standard","hentry","category-aktualnosci","category-rodzice","category-uczniowie","category-serce-szkoly"],"_links":{"self":[{"href":"https:\/\/szkolastraszyn.pruszczgdanski.pl\/index.php?rest_route=\/wp\/v2\/posts\/6696","targetHints":{"allow":["GET"]}}],"collection":[{"href":"https:\/\/szkolastraszyn.pruszczgdanski.pl\/index.php?rest_route=\/wp\/v2\/posts"}],"about":[{"href":"https:\/\/szkolastraszyn.pruszczgdanski.pl\/index.php?rest_route=\/wp\/v2\/types\/post"}],"author":[{"embeddable":true,"href":"https:\/\/szkolastraszyn.pruszczgdanski.pl\/index.php?rest_route=\/wp\/v2\/users\/1"}],"replies":[{"embeddable":true,"href":"https:\/\/szkolastraszyn.pruszczgdanski.pl\/index.php?rest_route=%2Fwp%2Fv2%2Fcomments&post=6696"}],"version-history":[{"count":7,"href":"https:\/\/szkolastraszyn.pruszczgdanski.pl\/index.php?rest_route=\/wp\/v2\/posts\/6696\/revisions"}],"predecessor-version":[{"id":6769,"href":"https:\/\/szkolastraszyn.pruszczgdanski.pl\/index.php?rest_route=\/wp\/v2\/posts\/6696\/revisions\/6769"}],"wp:attachment":[{"href":"https:\/\/szkolastraszyn.pruszczgdanski.pl\/index.php?rest_route=%2Fwp%2Fv2%2Fmedia&parent=6696"}],"wp:term":[{"taxonomy":"category","embeddable":true,"href":"https:\/\/szkolastraszyn.pruszczgdanski.pl\/index.php?rest_route=%2Fwp%2Fv2%2Fcategories&post=6696"},{"taxonomy":"post_tag","embeddable":true,"href":"https:\/\/szkolastraszyn.pruszczgdanski.pl\/index.php?rest_route=%2Fwp%2Fv2%2Ftags&post=6696"}],"curies":[{"name":"wp","href":"https:\/\/api.w.org\/{rel}","templated":true}]}}