{"id":6115,"date":"2021-05-01T09:52:08","date_gmt":"2021-05-01T09:52:08","guid":{"rendered":"http:\/\/szkolastraszyn.pruszczgdanski.pl\/?p=6115"},"modified":"2021-09-08T17:20:06","modified_gmt":"2021-09-08T17:20:06","slug":"wielki-maraton-czytelniczy-czytanie-rozwija-czytanie-wzbogaca","status":"publish","type":"post","link":"https:\/\/szkolastraszyn.pruszczgdanski.pl\/?p=6115","title":{"rendered":"Wielki Maraton Czytelniczy \u201e Czytanie rozwija, czytanie wzbogaca\u201d."},"content":{"rendered":"\t\t<div data-elementor-type=\"wp-post\" data-elementor-id=\"6115\" class=\"elementor elementor-6115\">\n\t\t\t\t\t\t<section class=\"elementor-section elementor-top-section elementor-element elementor-element-a1eb4dd elementor-section-boxed elementor-section-height-default elementor-section-height-default\" data-id=\"a1eb4dd\" data-element_type=\"section\" data-e-type=\"section\">\n\t\t\t\t\t\t<div class=\"elementor-container elementor-column-gap-default\">\n\t\t\t\t\t<div class=\"elementor-column elementor-col-50 elementor-top-column elementor-element elementor-element-ff2df37\" data-id=\"ff2df37\" data-element_type=\"column\" data-e-type=\"column\">\n\t\t\t<div class=\"elementor-widget-wrap elementor-element-populated\">\n\t\t\t\t\t\t<div class=\"elementor-element elementor-element-d21290f elementor-widget elementor-widget-text-editor\" data-id=\"d21290f\" data-element_type=\"widget\" data-e-type=\"widget\" data-widget_type=\"text-editor.default\">\n\t\t\t\t<div class=\"elementor-widget-container\">\n\t\t\t\t\t\t\t\t\t<p><span style=\"color: #000000;\"><strong>Wielki Maraton Czytelniczy \u201e Czytanie rozwija, czytanie wzbogaca\u201d<\/strong><\/span><\/p><p><span style=\"color: #000000;\"><strong>\u00a0<\/strong><\/span><\/p><p><span style=\"color: #000000;\">Z wielk\u0105 satysfakcj\u0105 informuj\u0119, \u017ce do tegorocznej edycji Maratonu \u201eCzytanie rozwija, czytanie wzbogaca\u201d skierowanej do uczni\u00f3w z klas 4-6 zg\u0142osi\u0142o si\u0119 ponad 230 szk\u00f3\u0142. Pandemia nie przeszkodzi\u0142a w przeprowadzeniu czytelniczych rywalizacji, kt\u00f3re trwa\u0142y przez 7 miesi\u0119cy. Uczniowie co miesi\u0105c, uczestnicz\u0105c w zdalnym spotkaniu, rozwi\u0105zywali konkursowy test. Komisja konkursowa Wielkiego Maratonu Czytelniczego w sk\u0142adzie: Agata Markiewicz-Bab\u0142o, Ewa Niechwiedowicz, Ma\u0142gorzata Niechwiedowicz, Zbigniew Walczak przyzna\u0142a 96 tytu\u0142\u00f3w laureata, 96 tytu\u0142\u00f3w finalisty i 121 wyr\u00f3\u017cnie\u0144. Wyr\u00f3\u017cnieni zostali najlepsi uczniowie ze szk\u00f3\u0142, w kt\u00f3rych \u017caden ucze\u0144 nie zdoby\u0142 tytu\u0142u Laureata ani Finalisty.<\/span><\/p><p><span style=\"color: #000000;\">W Szkole Podstawowej w Straszynie w tegorocznej edycji Maratonu \u201eCzytanie rozwija, czytanie wzbogaca\u201d tytu\u0142 Laureata uzyska\u0142a Alicja Lisowska z klasy 6b. Serdecznie gratulujemy nagrodzonej uczennicy oraz wszystkim uczestnikom WMC \u201eCzytanie rozwija, czytanie wzbogaca\u201d!<\/span><\/p><p>\u00a0<\/p><p><span style=\"color: #000000;\">Koordynator WMC<\/span><\/p><p><span style=\"color: #000000;\">Monika Osi\u0144ska<\/span><\/p>\t\t\t\t\t\t\t\t<\/div>\n\t\t\t\t<\/div>\n\t\t\t\t\t<\/div>\n\t\t<\/div>\n\t\t\t\t<div class=\"elementor-column elementor-col-50 elementor-top-column elementor-element elementor-element-711b859\" data-id=\"711b859\" data-element_type=\"column\" data-e-type=\"column\">\n\t\t\t<div class=\"elementor-widget-wrap elementor-element-populated\">\n\t\t\t\t\t\t<div class=\"elementor-element elementor-element-b2069f0 elementor-widget elementor-widget-image\" data-id=\"b2069f0\" data-element_type=\"widget\" data-e-type=\"widget\" data-widget_type=\"image.default\">\n\t\t\t\t<div class=\"elementor-widget-container\">\n\t\t\t\t\t\t\t\t\t\t\t\t\t\t\t<img fetchpriority=\"high\" decoding=\"async\" width=\"960\" height=\"639\" src=\"https:\/\/szkolastraszyn.pruszczgdanski.pl\/wp-content\/uploads\/2021\/05\/kid-2603859_1920-1024x682.jpg\" class=\"attachment-large size-large wp-image-6117\" alt=\"\" srcset=\"https:\/\/szkolastraszyn.pruszczgdanski.pl\/wp-content\/uploads\/2021\/05\/kid-2603859_1920-1024x682.jpg 1024w, https:\/\/szkolastraszyn.pruszczgdanski.pl\/wp-content\/uploads\/2021\/05\/kid-2603859_1920-300x200.jpg 300w, https:\/\/szkolastraszyn.pruszczgdanski.pl\/wp-content\/uploads\/2021\/05\/kid-2603859_1920-768x511.jpg 768w, https:\/\/szkolastraszyn.pruszczgdanski.pl\/wp-content\/uploads\/2021\/05\/kid-2603859_1920-1536x1022.jpg 1536w, https:\/\/szkolastraszyn.pruszczgdanski.pl\/wp-content\/uploads\/2021\/05\/kid-2603859_1920-1140x759.jpg 1140w, https:\/\/szkolastraszyn.pruszczgdanski.pl\/wp-content\/uploads\/2021\/05\/kid-2603859_1920-272x182.jpg 272w, https:\/\/szkolastraszyn.pruszczgdanski.pl\/wp-content\/uploads\/2021\/05\/kid-2603859_1920.jpg 1920w\" sizes=\"(max-width: 960px) 100vw, 960px\" \/>\t\t\t\t\t\t\t\t\t\t\t\t\t\t\t<\/div>\n\t\t\t\t<\/div>\n\t\t\t\t\t<\/div>\n\t\t<\/div>\n\t\t\t\t\t<\/div>\n\t\t<\/section>\n\t\t\t\t<\/div>\n\t\t","protected":false},"excerpt":{"rendered":"<p>Wielki Maraton Czytelniczy \u201e Czytanie rozwija, czytanie wzbogaca\u201d \u00a0 Z wielk\u0105 satysfakcj\u0105 informuj\u0119, \u017ce do tegorocznej edycji Maratonu \u201eCzytanie rozwija, czytanie wzbogaca\u201d skierowanej do uczni\u00f3w z klas 4-6 zg\u0142osi\u0142o si\u0119 ponad 230 szk\u00f3\u0142. Pandemia nie przeszkodzi\u0142a w przeprowadzeniu czytelniczych rywalizacji, kt\u00f3re trwa\u0142y przez 7 miesi\u0119cy. Uczniowie co miesi\u0105c, uczestnicz\u0105c w zdalnym spotkaniu, rozwi\u0105zywali konkursowy test. Komisja konkursowa Wielkiego Maratonu Czytelniczego w sk\u0142adzie: Agata Markiewicz-Bab\u0142o, Ewa Niechwiedowicz, Ma\u0142gorzata Niechwiedowicz, Zbigniew Walczak przyzna\u0142a 96 tytu\u0142\u00f3w laureata, 96 tytu\u0142\u00f3w finalisty i 121 wyr\u00f3\u017cnie\u0144. Wyr\u00f3\u017cnieni zostali najlepsi uczniowie ze szk\u00f3\u0142, w kt\u00f3rych \u017caden ucze\u0144 nie zdoby\u0142 tytu\u0142u Laureata ani Finalisty. W Szkole Podstawowej w Straszynie w tegorocznej edycji Maratonu \u201eCzytanie rozwija, czytanie wzbogaca\u201d tytu\u0142 Laureata uzyska\u0142a Alicja Lisowska z klasy 6b. Serdecznie gratulujemy nagrodzonej uczennicy oraz wszystkim uczestnikom WMC \u201eCzytanie rozwija, czytanie wzbogaca\u201d! \u00a0 Koordynator WMC Monika Osi\u0144ska<\/p>\n","protected":false},"author":1,"featured_media":0,"comment_status":"closed","ping_status":"closed","sticky":false,"template":"","format":"standard","meta":{"footnotes":""},"categories":[28],"tags":[],"class_list":["post-6115","post","type-post","status-publish","format-standard","hentry","category-archiwum"],"_links":{"self":[{"href":"https:\/\/szkolastraszyn.pruszczgdanski.pl\/index.php?rest_route=\/wp\/v2\/posts\/6115","targetHints":{"allow":["GET"]}}],"collection":[{"href":"https:\/\/szkolastraszyn.pruszczgdanski.pl\/index.php?rest_route=\/wp\/v2\/posts"}],"about":[{"href":"https:\/\/szkolastraszyn.pruszczgdanski.pl\/index.php?rest_route=\/wp\/v2\/types\/post"}],"author":[{"embeddable":true,"href":"https:\/\/szkolastraszyn.pruszczgdanski.pl\/index.php?rest_route=\/wp\/v2\/users\/1"}],"replies":[{"embeddable":true,"href":"https:\/\/szkolastraszyn.pruszczgdanski.pl\/index.php?rest_route=%2Fwp%2Fv2%2Fcomments&post=6115"}],"version-history":[{"count":4,"href":"https:\/\/szkolastraszyn.pruszczgdanski.pl\/index.php?rest_route=\/wp\/v2\/posts\/6115\/revisions"}],"predecessor-version":[{"id":6120,"href":"https:\/\/szkolastraszyn.pruszczgdanski.pl\/index.php?rest_route=\/wp\/v2\/posts\/6115\/revisions\/6120"}],"wp:attachment":[{"href":"https:\/\/szkolastraszyn.pruszczgdanski.pl\/index.php?rest_route=%2Fwp%2Fv2%2Fmedia&parent=6115"}],"wp:term":[{"taxonomy":"category","embeddable":true,"href":"https:\/\/szkolastraszyn.pruszczgdanski.pl\/index.php?rest_route=%2Fwp%2Fv2%2Fcategories&post=6115"},{"taxonomy":"post_tag","embeddable":true,"href":"https:\/\/szkolastraszyn.pruszczgdanski.pl\/index.php?rest_route=%2Fwp%2Fv2%2Ftags&post=6115"}],"curies":[{"name":"wp","href":"https:\/\/api.w.org\/{rel}","templated":true}]}}