{"id":5647,"date":"2021-02-22T19:29:33","date_gmt":"2021-02-22T19:29:33","guid":{"rendered":"http:\/\/szkolastraszyn.pruszczgdanski.pl\/?p=5647"},"modified":"2021-09-08T17:14:15","modified_gmt":"2021-09-08T17:14:15","slug":"ogolnopolski-konkurs-plastyczny-dla-klas-4-8","status":"publish","type":"post","link":"https:\/\/szkolastraszyn.pruszczgdanski.pl\/?p=5647","title":{"rendered":"Og\u00f3lnopolski konkurs plastyczny dla klas 4-8"},"content":{"rendered":"\t\t<div data-elementor-type=\"wp-post\" data-elementor-id=\"5647\" class=\"elementor elementor-5647\">\n\t\t\t\t\t\t<section class=\"elementor-section elementor-top-section elementor-element elementor-element-bb3ec87 elementor-section-boxed elementor-section-height-default elementor-section-height-default\" data-id=\"bb3ec87\" data-element_type=\"section\" data-e-type=\"section\">\n\t\t\t\t\t\t<div class=\"elementor-container elementor-column-gap-default\">\n\t\t\t\t\t<div class=\"elementor-column elementor-col-50 elementor-top-column elementor-element elementor-element-087b85f\" data-id=\"087b85f\" data-element_type=\"column\" data-e-type=\"column\">\n\t\t\t<div class=\"elementor-widget-wrap elementor-element-populated\">\n\t\t\t\t\t\t<div class=\"elementor-element elementor-element-fc98322 elementor-widget elementor-widget-image\" data-id=\"fc98322\" data-element_type=\"widget\" data-e-type=\"widget\" data-widget_type=\"image.default\">\n\t\t\t\t<div class=\"elementor-widget-container\">\n\t\t\t\t\t\t\t\t\t\t\t\t\t\t\t<img fetchpriority=\"high\" decoding=\"async\" width=\"960\" height=\"639\" src=\"https:\/\/szkolastraszyn.pruszczgdanski.pl\/wp-content\/uploads\/2021\/02\/fake-2355686_1920-1024x682.jpg\" class=\"attachment-large size-large wp-image-5649\" alt=\"\" srcset=\"https:\/\/szkolastraszyn.pruszczgdanski.pl\/wp-content\/uploads\/2021\/02\/fake-2355686_1920-1024x682.jpg 1024w, https:\/\/szkolastraszyn.pruszczgdanski.pl\/wp-content\/uploads\/2021\/02\/fake-2355686_1920-300x200.jpg 300w, https:\/\/szkolastraszyn.pruszczgdanski.pl\/wp-content\/uploads\/2021\/02\/fake-2355686_1920-768x512.jpg 768w, https:\/\/szkolastraszyn.pruszczgdanski.pl\/wp-content\/uploads\/2021\/02\/fake-2355686_1920-1536x1023.jpg 1536w, https:\/\/szkolastraszyn.pruszczgdanski.pl\/wp-content\/uploads\/2021\/02\/fake-2355686_1920-1140x759.jpg 1140w, https:\/\/szkolastraszyn.pruszczgdanski.pl\/wp-content\/uploads\/2021\/02\/fake-2355686_1920-272x182.jpg 272w, https:\/\/szkolastraszyn.pruszczgdanski.pl\/wp-content\/uploads\/2021\/02\/fake-2355686_1920.jpg 1920w\" sizes=\"(max-width: 960px) 100vw, 960px\" \/>\t\t\t\t\t\t\t\t\t\t\t\t\t\t\t<\/div>\n\t\t\t\t<\/div>\n\t\t\t\t\t<\/div>\n\t\t<\/div>\n\t\t\t\t<div class=\"elementor-column elementor-col-50 elementor-top-column elementor-element elementor-element-0c01fa8\" data-id=\"0c01fa8\" data-element_type=\"column\" data-e-type=\"column\">\n\t\t\t<div class=\"elementor-widget-wrap elementor-element-populated\">\n\t\t\t\t\t\t<div class=\"elementor-element elementor-element-adb5474 elementor-widget elementor-widget-text-editor\" data-id=\"adb5474\" data-element_type=\"widget\" data-e-type=\"widget\" data-widget_type=\"text-editor.default\">\n\t\t\t\t<div class=\"elementor-widget-container\">\n\t\t\t\t\t\t\t\t\t<div><strong>OG\u00d3LNOPOLSKI KONKURS PLASTYCZNY DLA KLAS 4-8<\/strong><\/div><div>Chcieliby\u015bmy \u00a0zaprosi\u0107 uczni\u00f3w klas 4-8 do udzia\u0142u w Og\u00f3lnopolskim Konkursie Plastycznym \u201eSpojrze\u0107 prawdzie w oczy\u201d, kt\u00f3ry ma zach\u0119ci\u0107 do krytycznego spojrzenia na ogrom informacji w internecie, zjawisko fake news czy nieprawdziwe informacje.<b>\u00a0Na zwyci\u0119zc\u00f3w czekaj\u0105 nagrody rzeczowe!\u00a0<\/b><\/div><div>\u00a0<\/div><div>Wi\u0119cej informacji o konkursie znajd\u0105 Pa\u0144stwo na stronie internetowej\u00a0<a href=\"http:\/\/ec2-52-26-194-35.us-west-2.compute.amazonaws.com\/x\/d?c=11145855&amp;l=3df9fa8b-7166-4b52-bc1f-61e815c0cce4&amp;r=5c7d7105-d427-425b-91c1-5a00a81b8efb\" target=\"_blank\" rel=\"noopener noreferrer\" data-saferedirecturl=\"https:\/\/www.google.com\/url?q=http:\/\/ec2-52-26-194-35.us-west-2.compute.amazonaws.com\/x\/d?c%3D11145855%26l%3D3df9fa8b-7166-4b52-bc1f-61e815c0cce4%26r%3D5c7d7105-d427-425b-91c1-5a00a81b8efb&amp;source=gmail&amp;ust=1614108329855000&amp;usg=AFQjCNGaTlVYdCDwFS5kWN40TU_YWeUdnQ\">www.pravda.org.<wbr \/>pl\/konkurs-plastyczny<\/a>.\u00a0<\/div><div>Termin nadsy\u0142ania prac na podany przez organizator\u00f3w adres: <strong><span style=\"color: #000080;\">01.04.2021<\/span><\/strong> do godziny <span style=\"color: #008000;\"><strong>12:00<\/strong>.<\/span><\/div>\t\t\t\t\t\t\t\t<\/div>\n\t\t\t\t<\/div>\n\t\t\t\t\t<\/div>\n\t\t<\/div>\n\t\t\t\t\t<\/div>\n\t\t<\/section>\n\t\t\t\t<\/div>\n\t\t","protected":false},"excerpt":{"rendered":"<p>OG\u00d3LNOPOLSKI KONKURS PLASTYCZNY DLA KLAS 4-8Chcieliby\u015bmy \u00a0zaprosi\u0107 uczni\u00f3w klas 4-8 do udzia\u0142u w Og\u00f3lnopolskim Konkursie Plastycznym \u201eSpojrze\u0107 prawdzie w oczy\u201d, kt\u00f3ry ma zach\u0119ci\u0107 do krytycznego spojrzenia na ogrom informacji w internecie, zjawisko fake news czy nieprawdziwe informacje.\u00a0Na zwyci\u0119zc\u00f3w czekaj\u0105 nagrody rzeczowe!\u00a0\u00a0Wi\u0119cej informacji o konkursie znajd\u0105 Pa\u0144stwo na stronie internetowej\u00a0www.pravda.org.pl\/konkurs-plastyczny.\u00a0Termin nadsy\u0142ania prac na podany przez organizator\u00f3w adres: 01.04.2021 do godziny 12:00.<\/p>\n","protected":false},"author":1,"featured_media":0,"comment_status":"closed","ping_status":"closed","sticky":false,"template":"","format":"standard","meta":{"footnotes":""},"categories":[28],"tags":[],"class_list":["post-5647","post","type-post","status-publish","format-standard","hentry","category-archiwum"],"_links":{"self":[{"href":"https:\/\/szkolastraszyn.pruszczgdanski.pl\/index.php?rest_route=\/wp\/v2\/posts\/5647","targetHints":{"allow":["GET"]}}],"collection":[{"href":"https:\/\/szkolastraszyn.pruszczgdanski.pl\/index.php?rest_route=\/wp\/v2\/posts"}],"about":[{"href":"https:\/\/szkolastraszyn.pruszczgdanski.pl\/index.php?rest_route=\/wp\/v2\/types\/post"}],"author":[{"embeddable":true,"href":"https:\/\/szkolastraszyn.pruszczgdanski.pl\/index.php?rest_route=\/wp\/v2\/users\/1"}],"replies":[{"embeddable":true,"href":"https:\/\/szkolastraszyn.pruszczgdanski.pl\/index.php?rest_route=%2Fwp%2Fv2%2Fcomments&post=5647"}],"version-history":[{"count":4,"href":"https:\/\/szkolastraszyn.pruszczgdanski.pl\/index.php?rest_route=\/wp\/v2\/posts\/5647\/revisions"}],"predecessor-version":[{"id":5652,"href":"https:\/\/szkolastraszyn.pruszczgdanski.pl\/index.php?rest_route=\/wp\/v2\/posts\/5647\/revisions\/5652"}],"wp:attachment":[{"href":"https:\/\/szkolastraszyn.pruszczgdanski.pl\/index.php?rest_route=%2Fwp%2Fv2%2Fmedia&parent=5647"}],"wp:term":[{"taxonomy":"category","embeddable":true,"href":"https:\/\/szkolastraszyn.pruszczgdanski.pl\/index.php?rest_route=%2Fwp%2Fv2%2Fcategories&post=5647"},{"taxonomy":"post_tag","embeddable":true,"href":"https:\/\/szkolastraszyn.pruszczgdanski.pl\/index.php?rest_route=%2Fwp%2Fv2%2Ftags&post=5647"}],"curies":[{"name":"wp","href":"https:\/\/api.w.org\/{rel}","templated":true}]}}