{"id":3796,"date":"2020-03-05T17:57:14","date_gmt":"2020-03-05T17:57:14","guid":{"rendered":"http:\/\/szkolastraszyn.pruszczgdanski.pl\/?p=3796"},"modified":"2020-10-11T07:26:36","modified_gmt":"2020-10-11T07:26:36","slug":"rekolekcje-2","status":"publish","type":"post","link":"https:\/\/szkolastraszyn.pruszczgdanski.pl\/?p=3796","title":{"rendered":"Rekolekcje"},"content":{"rendered":"\t\t<div data-elementor-type=\"wp-post\" data-elementor-id=\"3796\" class=\"elementor elementor-3796 elementor-bc-flex-widget\">\n\t\t\t\t\t\t<section class=\"elementor-section elementor-top-section elementor-element elementor-element-655236d elementor-section-boxed elementor-section-height-default elementor-section-height-default\" data-id=\"655236d\" data-element_type=\"section\" data-e-type=\"section\">\n\t\t\t\t\t\t<div class=\"elementor-container elementor-column-gap-default\">\n\t\t\t\t\t<div class=\"elementor-column elementor-col-100 elementor-top-column elementor-element elementor-element-0fe4bc0\" data-id=\"0fe4bc0\" data-element_type=\"column\" data-e-type=\"column\">\n\t\t\t<div class=\"elementor-widget-wrap elementor-element-populated\">\n\t\t\t\t\t\t<div class=\"elementor-element elementor-element-5c43705 elementor-widget elementor-widget-text-editor\" data-id=\"5c43705\" data-element_type=\"widget\" data-e-type=\"widget\" data-widget_type=\"text-editor.default\">\n\t\t\t\t<div class=\"elementor-widget-container\">\n\t\t\t\t\t\t\t\t\t<p style=\"text-align: center;\"><strong>W dniach 23, 24 i 25 marca br. uczniowie Naszej szko\u0142y b\u0119d\u0105 brali udzia\u0142 w rekolekcjach wielkopostnych w ko\u015bciele pod wezwaniem \u015bw. Jacka Odrow\u0105\u017ca.<\/strong><\/p><p style=\"text-align: center;\"><strong>W poniedzia\u0142ek i wtorek pod opiek\u0105 nauczycieli udadz\u0105 si\u0119 do ko\u015bcio\u0142a zgodnie z nast\u0119puj\u0105cym porz\u0105dkiem:<\/strong><\/p><p style=\"text-align: center;\">&#8211; na godzin\u0119 9:30 uczniowie edukacji wczesnoszkolnej,<span class=\"text_exposed_show\"><br \/>maj\u0105cy zaj\u0119cia lekcyjne do po\u0142udnia,<\/span><\/p><div class=\"text_exposed_show\"><p style=\"text-align: center;\">&#8211; na godzin\u0119 10:30 uczniowie klas IV \u2013 V,<\/p><p style=\"text-align: center;\">&#8211; na godzin\u0119 12:30 uczniowie klas VI, VII i VIII,<\/p><p style=\"text-align: center;\">&#8211; na godzin\u0119 14:00 uczniowie edukacji wczesnoszkolnej,<br \/>maj\u0105cy zaj\u0119cia lekcyjne po po\u0142udniu.<\/p><p style=\"text-align: center;\"><strong>Po naukach w ko\u015bciele:<\/strong><br \/>&#8211; uczniowie edukacji wczesnoszkolnej wracaj\u0105 do szko\u0142y pod opiek\u0105 nauczycieli i udaj\u0105 si\u0119 na obiad, a nast\u0119pnie na zaj\u0119cia zgodnie z planem,<\/p><p style=\"text-align: center;\">&#8211; uczniowie klas IV \u2013 V wracaj\u0105 do szko\u0142y pod opiek\u0105 nauczycieli<br \/>i udaj\u0105 si\u0119 na obiad, a nast\u0119pnie do domu,<\/p><p style=\"text-align: center;\">&#8211; uczniowie klas VI, VII i VIII udaj\u0105 si\u0119 do szko\u0142y na obiad, a nast\u0119pnie do domu.<\/p><p style=\"text-align: center;\"><strong>Zgodnie z powy\u017csz\u0105 informacj\u0105 w poniedzia\u0142ek i wtorek uczniowie klas IV \u2013 V b\u0119d\u0105 mieli zaj\u0119cia lekcyjne do godziny 10:00 i udaj\u0105 si\u0119 do ko\u015bcio\u0142a pod opiek\u0105 nauczycieli, z kt\u00f3rymi maj\u0105 4 lekcj\u0119.<\/strong><\/p><p style=\"text-align: center;\"><strong>Natomiast uczniowie klas VI, VII i VIII b\u0119d\u0105 mieli zaj\u0119cia lekcyjne w poniedzia\u0142ek i wtorek do godziny 12:00 i udaj\u0105 si\u0119 do ko\u015bcio\u0142a pod opiek\u0105 nauczycieli, z kt\u00f3rymi maj\u0105 6 lekcj\u0119.<\/strong><\/p><p style=\"text-align: center;\"><strong>W \u015brod\u0119 25 marca br. uczniowie pod opiek\u0105 nauczycieli udadz\u0105 si\u0119 do ko\u015bcio\u0142a na msz\u0119 \u015bwi\u0119t\u0105 na zako\u0144czenie rekolekcji zgodnie z nast\u0119puj\u0105cym porz\u0105dkiem<\/strong>:<\/p><p style=\"text-align: center;\">&#8211; uczniowie edukacji wczesnoszkolnej, maj\u0105cy zaj\u0119cia lekcyjne do po\u0142udnia, na godzin\u0119 9:30,<\/p><p style=\"text-align: center;\">&#8211; uczniowie klas IV \u2013 VIII na godzin\u0119 11:30.<\/p><p style=\"text-align: center;\"><strong>Zgodnie z powy\u017csz\u0105 informacj\u0105 w \u015brod\u0119 uczniowie klas IV \u2013 VIII b\u0119d\u0105 mieli zaj\u0119cia lekcyjne do godziny 10:55 i udaj\u0105 si\u0119 do ko\u015bcio\u0142a pod opiek\u0105 nauczycieli, z kt\u00f3rymi maj\u0105 5 lekcj\u0119.<\/strong><\/p><p>\u00a0<\/p><\/div>\t\t\t\t\t\t\t\t<\/div>\n\t\t\t\t<\/div>\n\t\t\t\t\t<\/div>\n\t\t<\/div>\n\t\t\t\t\t<\/div>\n\t\t<\/section>\n\t\t\t\t<\/div>\n\t\t","protected":false},"excerpt":{"rendered":"<p>W dniach 23, 24 i 25 marca br. uczniowie Naszej szko\u0142y b\u0119d\u0105 brali udzia\u0142 w rekolekcjach wielkopostnych w ko\u015bciele pod wezwaniem \u015bw. Jacka Odrow\u0105\u017ca. W poniedzia\u0142ek i wtorek pod opiek\u0105 nauczycieli udadz\u0105 si\u0119 do ko\u015bcio\u0142a zgodnie z nast\u0119puj\u0105cym porz\u0105dkiem: &#8211; na godzin\u0119 9:30 uczniowie edukacji wczesnoszkolnej, maj\u0105cy zaj\u0119cia lekcyjne do po\u0142udnia, &#8211; na godzin\u0119 10:30 uczniowie klas IV \u2013 V, &#8211; na godzin\u0119 12:30 uczniowie klas VI, VII i VIII, &#8211; na godzin\u0119 14:00 uczniowie edukacji wczesnoszkolnej, maj\u0105cy zaj\u0119cia lekcyjne po po\u0142udniu. Po naukach w ko\u015bciele: &#8211; uczniowie edukacji wczesnoszkolnej wracaj\u0105 do szko\u0142y pod opiek\u0105 nauczycieli i udaj\u0105 si\u0119 na obiad, a nast\u0119pnie na zaj\u0119cia zgodnie z planem, &#8211; uczniowie klas IV \u2013 V wracaj\u0105 do szko\u0142y pod opiek\u0105 nauczycieli i udaj\u0105 si\u0119 na obiad, a nast\u0119pnie do domu, &#8211; uczniowie klas VI, VII i VIII udaj\u0105 si\u0119 do szko\u0142y na obiad, a nast\u0119pnie do domu. Zgodnie z powy\u017csz\u0105 informacj\u0105 w poniedzia\u0142ek i wtorek uczniowie klas IV \u2013 V b\u0119d\u0105 mieli zaj\u0119cia lekcyjne do godziny 10:00 i udaj\u0105 si\u0119 do ko\u015bcio\u0142a pod opiek\u0105 nauczycieli, z kt\u00f3rymi maj\u0105 4 lekcj\u0119. Natomiast uczniowie klas VI, VII i VIII b\u0119d\u0105 mieli zaj\u0119cia lekcyjne w poniedzia\u0142ek i wtorek do godziny 12:00 i udaj\u0105 si\u0119 do ko\u015bcio\u0142a pod opiek\u0105 nauczycieli, z kt\u00f3rymi maj\u0105 6 lekcj\u0119. W \u015brod\u0119 25 marca br. uczniowie pod opiek\u0105 nauczycieli udadz\u0105 si\u0119 do ko\u015bcio\u0142a na msz\u0119 \u015bwi\u0119t\u0105 na zako\u0144czenie rekolekcji zgodnie z nast\u0119puj\u0105cym porz\u0105dkiem: &#8211; uczniowie edukacji wczesnoszkolnej, maj\u0105cy zaj\u0119cia lekcyjne do po\u0142udnia, na godzin\u0119 9:30, &#8211; uczniowie klas IV \u2013 VIII na godzin\u0119 11:30. Zgodnie z powy\u017csz\u0105 informacj\u0105 w \u015brod\u0119 uczniowie klas IV \u2013 VIII b\u0119d\u0105 mieli zaj\u0119cia lekcyjne do godziny 10:55 i udaj\u0105 si\u0119 do ko\u015bcio\u0142a pod opiek\u0105 nauczycieli, z kt\u00f3rymi maj\u0105 5 lekcj\u0119.<\/p>\n","protected":false},"author":1,"featured_media":0,"comment_status":"closed","ping_status":"closed","sticky":false,"template":"","format":"standard","meta":{"footnotes":""},"categories":[28],"tags":[],"class_list":["post-3796","post","type-post","status-publish","format-standard","hentry","category-archiwum"],"_links":{"self":[{"href":"https:\/\/szkolastraszyn.pruszczgdanski.pl\/index.php?rest_route=\/wp\/v2\/posts\/3796","targetHints":{"allow":["GET"]}}],"collection":[{"href":"https:\/\/szkolastraszyn.pruszczgdanski.pl\/index.php?rest_route=\/wp\/v2\/posts"}],"about":[{"href":"https:\/\/szkolastraszyn.pruszczgdanski.pl\/index.php?rest_route=\/wp\/v2\/types\/post"}],"author":[{"embeddable":true,"href":"https:\/\/szkolastraszyn.pruszczgdanski.pl\/index.php?rest_route=\/wp\/v2\/users\/1"}],"replies":[{"embeddable":true,"href":"https:\/\/szkolastraszyn.pruszczgdanski.pl\/index.php?rest_route=%2Fwp%2Fv2%2Fcomments&post=3796"}],"version-history":[{"count":3,"href":"https:\/\/szkolastraszyn.pruszczgdanski.pl\/index.php?rest_route=\/wp\/v2\/posts\/3796\/revisions"}],"predecessor-version":[{"id":3800,"href":"https:\/\/szkolastraszyn.pruszczgdanski.pl\/index.php?rest_route=\/wp\/v2\/posts\/3796\/revisions\/3800"}],"wp:attachment":[{"href":"https:\/\/szkolastraszyn.pruszczgdanski.pl\/index.php?rest_route=%2Fwp%2Fv2%2Fmedia&parent=3796"}],"wp:term":[{"taxonomy":"category","embeddable":true,"href":"https:\/\/szkolastraszyn.pruszczgdanski.pl\/index.php?rest_route=%2Fwp%2Fv2%2Fcategories&post=3796"},{"taxonomy":"post_tag","embeddable":true,"href":"https:\/\/szkolastraszyn.pruszczgdanski.pl\/index.php?rest_route=%2Fwp%2Fv2%2Ftags&post=3796"}],"curies":[{"name":"wp","href":"https:\/\/api.w.org\/{rel}","templated":true}]}}