{"id":3726,"date":"2020-02-13T08:48:54","date_gmt":"2020-02-13T08:48:54","guid":{"rendered":"http:\/\/szkolastraszyn.pruszczgdanski.pl\/?p=3726"},"modified":"2020-10-11T07:29:28","modified_gmt":"2020-10-11T07:29:28","slug":"ii-etap-powiatowego-konkursu-czytelniczego-z-ksiazka-na-ty","status":"publish","type":"post","link":"https:\/\/szkolastraszyn.pruszczgdanski.pl\/?p=3726","title":{"rendered":"II etap Powiatowego Konkursu Czytelniczego \u201eZ ksi\u0105\u017cka na Ty\u201d."},"content":{"rendered":"<p style=\"text-align: center;\"><strong>II etap Powiatowego Konkursu Czytelniczego \u201eZ ksi\u0105\u017cka na Ty\u201d.<\/strong><\/p>\n<p>Biblioteka szkolna zaprasza uczni\u00f3w klas II i III SP do udzia\u0142u w II etapie Powiatowego Konkursu Czytelniczego \u201eZ ksi\u0105\u017cka na Ty\u201d. Tym razem piszemy test sprawdzaj\u0105cy znajomo\u015b\u0107 ksi\u0105\u017cki.<\/p>\n<p>Klasy II \u2013 Waldemar Cicho\u0144,&nbsp; \u201e Cukierku, ty \u0142obuzie\u201d<\/p>\n<p>klasy III \u2013Justyna Bednarek, \u201eNiesamowite przygody dziesi\u0119ciu skarpetek [\u2026]\u201d .<\/p>\n<p>Szkolne eliminacje odb\u0119d\u0105 si\u0119 w bibliotece szkolnej w czwartek&nbsp; 27 lutego.&nbsp; Zg\u0142oszenia uczestnik\u00f3w do 20 lutego do wychowawc\u00f3w klas.<\/p>\n<p>Laureaci I miejsc b\u0119d\u0105 reprezentowa\u0107 nasz\u0105 szko\u0142\u0119 w Konkursie Powiatowym w Tr\u0105bkach Wlk.<\/p>\n","protected":false},"excerpt":{"rendered":"<p>II etap Powiatowego Konkursu Czytelniczego \u201eZ ksi\u0105\u017cka na Ty\u201d. Biblioteka szkolna zaprasza uczni\u00f3w klas II i III SP do udzia\u0142u w II etapie Powiatowego Konkursu Czytelniczego \u201eZ ksi\u0105\u017cka na Ty\u201d. Tym razem piszemy test sprawdzaj\u0105cy znajomo\u015b\u0107 ksi\u0105\u017cki. Klasy II \u2013 Waldemar Cicho\u0144,&nbsp; \u201e Cukierku, ty \u0142obuzie\u201d klasy III \u2013Justyna Bednarek, \u201eNiesamowite przygody dziesi\u0119ciu skarpetek [\u2026]\u201d . Szkolne eliminacje odb\u0119d\u0105 si\u0119 w bibliotece szkolnej w czwartek&nbsp; 27 lutego.&nbsp; Zg\u0142oszenia uczestnik\u00f3w do 20 lutego do wychowawc\u00f3w klas. Laureaci I miejsc b\u0119d\u0105 reprezentowa\u0107 nasz\u0105 szko\u0142\u0119 w Konkursie Powiatowym w Tr\u0105bkach Wlk.<\/p>\n","protected":false},"author":1,"featured_media":0,"comment_status":"closed","ping_status":"closed","sticky":false,"template":"","format":"standard","meta":{"footnotes":""},"categories":[28],"tags":[],"class_list":["post-3726","post","type-post","status-publish","format-standard","hentry","category-archiwum"],"_links":{"self":[{"href":"https:\/\/szkolastraszyn.pruszczgdanski.pl\/index.php?rest_route=\/wp\/v2\/posts\/3726","targetHints":{"allow":["GET"]}}],"collection":[{"href":"https:\/\/szkolastraszyn.pruszczgdanski.pl\/index.php?rest_route=\/wp\/v2\/posts"}],"about":[{"href":"https:\/\/szkolastraszyn.pruszczgdanski.pl\/index.php?rest_route=\/wp\/v2\/types\/post"}],"author":[{"embeddable":true,"href":"https:\/\/szkolastraszyn.pruszczgdanski.pl\/index.php?rest_route=\/wp\/v2\/users\/1"}],"replies":[{"embeddable":true,"href":"https:\/\/szkolastraszyn.pruszczgdanski.pl\/index.php?rest_route=%2Fwp%2Fv2%2Fcomments&post=3726"}],"version-history":[{"count":2,"href":"https:\/\/szkolastraszyn.pruszczgdanski.pl\/index.php?rest_route=\/wp\/v2\/posts\/3726\/revisions"}],"predecessor-version":[{"id":4724,"href":"https:\/\/szkolastraszyn.pruszczgdanski.pl\/index.php?rest_route=\/wp\/v2\/posts\/3726\/revisions\/4724"}],"wp:attachment":[{"href":"https:\/\/szkolastraszyn.pruszczgdanski.pl\/index.php?rest_route=%2Fwp%2Fv2%2Fmedia&parent=3726"}],"wp:term":[{"taxonomy":"category","embeddable":true,"href":"https:\/\/szkolastraszyn.pruszczgdanski.pl\/index.php?rest_route=%2Fwp%2Fv2%2Fcategories&post=3726"},{"taxonomy":"post_tag","embeddable":true,"href":"https:\/\/szkolastraszyn.pruszczgdanski.pl\/index.php?rest_route=%2Fwp%2Fv2%2Ftags&post=3726"}],"curies":[{"name":"wp","href":"https:\/\/api.w.org\/{rel}","templated":true}]}}