{"id":3635,"date":"2019-12-12T07:33:24","date_gmt":"2019-12-12T07:33:24","guid":{"rendered":"http:\/\/szkolastraszyn.pruszczgdanski.pl\/?p=3635"},"modified":"2020-10-11T07:32:41","modified_gmt":"2020-10-11T07:32:41","slug":"koszykowka-od-malego","status":"publish","type":"post","link":"https:\/\/szkolastraszyn.pruszczgdanski.pl\/?p=3635","title":{"rendered":"Koszyk\u00f3wka od ma\u0142ego"},"content":{"rendered":"\t\t<div data-elementor-type=\"wp-post\" data-elementor-id=\"3635\" class=\"elementor elementor-3635 elementor-bc-flex-widget\">\n\t\t\t\t\t\t<section class=\"elementor-section elementor-top-section elementor-element elementor-element-de64596 elementor-section-boxed elementor-section-height-default elementor-section-height-default\" data-id=\"de64596\" data-element_type=\"section\" data-e-type=\"section\">\n\t\t\t\t\t\t<div class=\"elementor-container elementor-column-gap-default\">\n\t\t\t\t\t<div class=\"elementor-column elementor-col-100 elementor-top-column elementor-element elementor-element-91edf74\" data-id=\"91edf74\" data-element_type=\"column\" data-e-type=\"column\">\n\t\t\t<div class=\"elementor-widget-wrap elementor-element-populated\">\n\t\t\t\t\t\t<div class=\"elementor-element elementor-element-6701112 elementor-widget elementor-widget-text-editor\" data-id=\"6701112\" data-element_type=\"widget\" data-e-type=\"widget\" data-widget_type=\"text-editor.default\">\n\t\t\t\t<div class=\"elementor-widget-container\">\n\t\t\t\t\t\t\t\t\t<p>W naszej gminie powsta\u0142 Szkolny M\u0142odzie\u017cowy O\u015brodek Koszyk\u00f3wki (SMOK) dla dziewcz\u0105t, w ramach<br \/>kt\u00f3rego najm\u0142odsze dzieci bezp\u0142atnie uczestnicz\u0105 w zaj\u0119ciach sportowych.<br \/>SMOK jest finansowany przez Polski Zwi\u0105zek Koszyk\u00f3wki ze \u015brodk\u00f3w Ministerstwa Sportu i Turystyki.<br \/>Jego gminnym koordynatorem zosta\u0142 Marek Gotartowski.<br \/>Programem zosta\u0142o obj\u0119tych ponad 40 dzieci. Dziewczynki trenuj\u0105 po 2 razy w tygodniu, a s\u0105 podzielone<br \/>na trzy grupy wiekowe: klasy I-III (grupa naborowa z Rotmanki), klasy IV (Straszyn) i klasy V (Straszyn).<\/p>\t\t\t\t\t\t\t\t<\/div>\n\t\t\t\t<\/div>\n\t\t\t\t\t<\/div>\n\t\t<\/div>\n\t\t\t\t\t<\/div>\n\t\t<\/section>\n\t\t\t\t<section class=\"elementor-section elementor-top-section elementor-element elementor-element-acb8760 elementor-section-boxed elementor-section-height-default elementor-section-height-default\" data-id=\"acb8760\" data-element_type=\"section\" data-e-type=\"section\">\n\t\t\t\t\t\t<div class=\"elementor-container elementor-column-gap-default\">\n\t\t\t\t\t<div class=\"elementor-column elementor-col-100 elementor-top-column elementor-element elementor-element-8a6c238\" data-id=\"8a6c238\" data-element_type=\"column\" data-e-type=\"column\">\n\t\t\t<div class=\"elementor-widget-wrap elementor-element-populated\">\n\t\t\t\t\t\t<div class=\"elementor-element elementor-element-e76a0a5 elementor-widget elementor-widget-image\" data-id=\"e76a0a5\" data-element_type=\"widget\" data-e-type=\"widget\" data-widget_type=\"image.default\">\n\t\t\t\t<div class=\"elementor-widget-container\">\n\t\t\t\t\t\t\t\t\t\t\t\t\t\t\t<img fetchpriority=\"high\" decoding=\"async\" width=\"960\" height=\"720\" src=\"https:\/\/szkolastraszyn.pruszczgdanski.pl\/wp-content\/uploads\/2019\/12\/SMOK.jpg\" class=\"attachment-large size-large wp-image-3636\" alt=\"\" srcset=\"https:\/\/szkolastraszyn.pruszczgdanski.pl\/wp-content\/uploads\/2019\/12\/SMOK.jpg 960w, https:\/\/szkolastraszyn.pruszczgdanski.pl\/wp-content\/uploads\/2019\/12\/SMOK-300x225.jpg 300w, https:\/\/szkolastraszyn.pruszczgdanski.pl\/wp-content\/uploads\/2019\/12\/SMOK-768x576.jpg 768w\" sizes=\"(max-width: 960px) 100vw, 960px\" \/>\t\t\t\t\t\t\t\t\t\t\t\t\t\t\t<\/div>\n\t\t\t\t<\/div>\n\t\t\t\t\t<\/div>\n\t\t<\/div>\n\t\t\t\t\t<\/div>\n\t\t<\/section>\n\t\t\t\t<\/div>\n\t\t","protected":false},"excerpt":{"rendered":"<p>W naszej gminie powsta\u0142 Szkolny M\u0142odzie\u017cowy O\u015brodek Koszyk\u00f3wki (SMOK) dla dziewcz\u0105t, w ramach kt\u00f3rego najm\u0142odsze dzieci bezp\u0142atnie uczestnicz\u0105 w zaj\u0119ciach sportowych. SMOK jest finansowany przez Polski Zwi\u0105zek Koszyk\u00f3wki ze \u015brodk\u00f3w Ministerstwa Sportu i Turystyki. Jego gminnym koordynatorem zosta\u0142 Marek Gotartowski. Programem zosta\u0142o obj\u0119tych ponad 40 dzieci. Dziewczynki trenuj\u0105 po 2 razy w tygodniu, a s\u0105 podzielone na trzy grupy wiekowe: klasy I-III (grupa naborowa z Rotmanki), klasy IV (Straszyn) i klasy V (Straszyn).<\/p>\n","protected":false},"author":1,"featured_media":3636,"comment_status":"closed","ping_status":"closed","sticky":false,"template":"","format":"standard","meta":{"footnotes":""},"categories":[28],"tags":[],"class_list":["post-3635","post","type-post","status-publish","format-standard","has-post-thumbnail","hentry","category-archiwum"],"_links":{"self":[{"href":"https:\/\/szkolastraszyn.pruszczgdanski.pl\/index.php?rest_route=\/wp\/v2\/posts\/3635","targetHints":{"allow":["GET"]}}],"collection":[{"href":"https:\/\/szkolastraszyn.pruszczgdanski.pl\/index.php?rest_route=\/wp\/v2\/posts"}],"about":[{"href":"https:\/\/szkolastraszyn.pruszczgdanski.pl\/index.php?rest_route=\/wp\/v2\/types\/post"}],"author":[{"embeddable":true,"href":"https:\/\/szkolastraszyn.pruszczgdanski.pl\/index.php?rest_route=\/wp\/v2\/users\/1"}],"replies":[{"embeddable":true,"href":"https:\/\/szkolastraszyn.pruszczgdanski.pl\/index.php?rest_route=%2Fwp%2Fv2%2Fcomments&post=3635"}],"version-history":[{"count":4,"href":"https:\/\/szkolastraszyn.pruszczgdanski.pl\/index.php?rest_route=\/wp\/v2\/posts\/3635\/revisions"}],"predecessor-version":[{"id":4734,"href":"https:\/\/szkolastraszyn.pruszczgdanski.pl\/index.php?rest_route=\/wp\/v2\/posts\/3635\/revisions\/4734"}],"wp:featuredmedia":[{"embeddable":true,"href":"https:\/\/szkolastraszyn.pruszczgdanski.pl\/index.php?rest_route=\/wp\/v2\/media\/3636"}],"wp:attachment":[{"href":"https:\/\/szkolastraszyn.pruszczgdanski.pl\/index.php?rest_route=%2Fwp%2Fv2%2Fmedia&parent=3635"}],"wp:term":[{"taxonomy":"category","embeddable":true,"href":"https:\/\/szkolastraszyn.pruszczgdanski.pl\/index.php?rest_route=%2Fwp%2Fv2%2Fcategories&post=3635"},{"taxonomy":"post_tag","embeddable":true,"href":"https:\/\/szkolastraszyn.pruszczgdanski.pl\/index.php?rest_route=%2Fwp%2Fv2%2Ftags&post=3635"}],"curies":[{"name":"wp","href":"https:\/\/api.w.org\/{rel}","templated":true}]}}