{"id":3400,"date":"2019-10-07T05:02:42","date_gmt":"2019-10-07T05:02:42","guid":{"rendered":"http:\/\/szkolastraszyn.pruszczgdanski.pl\/?p=3400"},"modified":"2021-09-08T16:52:04","modified_gmt":"2021-09-08T16:52:04","slug":"projekt-tuwimowa-mowa-mlodziez-dla-dzieci-w-kulturalnej","status":"publish","type":"post","link":"https:\/\/szkolastraszyn.pruszczgdanski.pl\/?p=3400","title":{"rendered":"Projekt &#8222;TUWIMOWA MOWA. M\u0142odzie\u017c dla dzieci w kulturalnej&#8221;."},"content":{"rendered":"\t\t<div data-elementor-type=\"wp-post\" data-elementor-id=\"3400\" class=\"elementor elementor-3400 elementor-bc-flex-widget\">\n\t\t\t\t\t\t<section class=\"elementor-section elementor-top-section elementor-element elementor-element-f75883c elementor-section-boxed elementor-section-height-default elementor-section-height-default\" data-id=\"f75883c\" data-element_type=\"section\" data-e-type=\"section\">\n\t\t\t\t\t\t<div class=\"elementor-container elementor-column-gap-default\">\n\t\t\t\t\t<div class=\"elementor-column elementor-col-100 elementor-top-column elementor-element elementor-element-91c288e\" data-id=\"91c288e\" data-element_type=\"column\" data-e-type=\"column\">\n\t\t\t<div class=\"elementor-widget-wrap elementor-element-populated\">\n\t\t\t\t\t\t<div class=\"elementor-element elementor-element-795ad3d elementor-widget elementor-widget-text-editor\" data-id=\"795ad3d\" data-element_type=\"widget\" data-e-type=\"widget\" data-widget_type=\"text-editor.default\">\n\t\t\t\t<div class=\"elementor-widget-container\">\n\t\t\t\t\t\t\t\t\t<p>20 wrze\u015bnia 2019 r. w Szkole Podstawowej w Straszynie w Straszynie odby\u0142y si\u0119<br \/>pierwsze warsztaty dotycz\u0105ce realizacji projekt &#8222;TUWIMOWA MOWA. M\u0142odzie\u017c dla dzieci w kulturalnej&#8221; . Animatorzy kultury z Mediateki Gra\u017cyn\u0105 Goszczy\u0144sk\u0105, Izabel\u0105 Papa\u0142\u0105, Zuzann\u0105 Kraszewsk\u0105, Wiolet\u0105 Tokarczuk wraz z uczniami z klas 6-8 oraz nauczycielami Monik\u0105 Osi\u0144sk\u0105, Magdalen\u0105 Nowak, Marzen\u0105 Zi\u0119b\u0105 &#8211; Boruci\u0144sk\u0105 rozpocz\u0119li wsp\u00f3lne przedsi\u0119wzi\u0119cie, kt\u00f3re zako\u0144czy si\u0119 25.10.2019 r.<\/p><p>Zamierzeniem projektu &#8222;TUWIMOWA MOWA. M\u0142odzie\u017c dla dzieci w kulturalnej sieci&#8221; jest pokazanie m\u0142odzie\u017cy jak si\u0119 tworzy i realizuje projekt kulturalny.<br \/>W tym konkretnym przypadku zaproponowali\u015bmy stworzenie spektaklu teatralnego, gdzie tw\u00f3rcami s\u0105 uczestnicy projektu, a odbiorcami dzieci z Gminnego Przedszkola w Straszynie, kt\u00f3re przyj\u0119\u0142o imi\u0119 J. Tuwima. Od samego pocz\u0105tku m\u0142odzie\u017c uto\u017csamia\u0142a si\u0119 z celem, by w jak najwi\u0119kszym stopniu, to ona mia\u0142a wp\u0142yw na efekt ko\u0144cowy, jakim b\u0119dzie wystawienie spektaklu. Istotne s\u0105 r\u00f3wnie\u017c kompetencje nabywane w trakcie pracy w zespo\u0142ach z animatorami kultury i nauczycielami.<\/p><p>Podczas projektu uczniowie tworz\u0105 i zarz\u0105dzaj\u0105 nim, dlatego przewidziano szereg<br \/>aktywno\u015bci: od warsztat\u00f3w z pisania scenariusza, przez zaj\u0119cia z re\u017cyserii, aktorstwa,<br \/>tworzenia scenografii i kostium\u00f3w a\u017c po warsztaty z zarz\u0105dzania projektem kulturalnym. Doczuwania nad ca\u0142o\u015bci\u0105 grupa wybra\u0142a SUPERPRODUCENTA, kt\u00f3rym zosta\u0142a Zosia Danke z klasy 8 B.<\/p><p>23 i 24. 09. 2019 r. odby\u0142y si\u0119 warsztaty pisarskie prowadzone przez znanego pisarza,<br \/>tw\u00f3rc\u0119 scenariuszy Daniela Odij\u0119. By\u0142y one bardzo kreatywne, a uczniowie wykazali si\u0119 bardzo oryginalnym podej\u015bciem do interpretacji tekstu Tuwima. Stworzyli oni scenariusz przedstawienia pt. \u201eTuwimowa mowa\u2026\u201d czyli gdzie si\u0119 rzepka chowa\u201d.<br \/>26. 09. 2019 r. rozpocz\u0119\u0142y si\u0119 warsztaty ze scenografii prowadzone przez Zuzann\u0119<br \/>Kraszewsk\u0105.<\/p><p>Uczestnicy, tworz\u0105c spektakl dla ma\u0142ych dzieci, ucz\u0105 si\u0119 planowa\u0107, organizowa\u0107<br \/>i kierowa\u0107 procesem tw\u00f3rczym. W weso\u0142ej atmosferze s\u0105 tw\u00f3rcami, gdy\u017c sami przygotowuj\u0105 scenografi\u0119.<\/p><p>27.09.2019 r. zosta\u0142 otwarty kolejny cykl zaj\u0119\u0107 o charakterze warsztatowym<br \/>z tworzenia kostium\u00f3w. Ich celem jest stworzenie stroj\u00f3w na spektakl. Po kr\u00f3tkim<br \/>wprowadzeniu teoretycznym i po burzy m\u00f3zg\u00f3w na temat kreowania stroj\u00f3w dla postaci przewidzianych w scenariuszu, uczestnicy wykonali gipsowe maski. By\u0142o przy tym troch\u0119 pracy, mn\u00f3stwo zabawy, a efekt by\u0142 niesamowity.<\/p><p>30.09.2019 r. odby\u0142y si\u0119 warsztaty aktorskie, kt\u00f3re prowadzi znany re\u017cyser Marcin<br \/>Marzec z Teatru Barnaby. Tym razem spotkanie rozpocz\u0119\u0142o si\u0119 od kr\u00f3tkiej rozgrzewki<br \/>improwizacyjnej. Nast\u0119pnie uczestnicy do\u015bwiadczali sztuki gry aktorskiej rozgrywaj\u0105c<br \/>pomi\u0119dzy sob\u0105 r\u00f3\u017cne scenki. Tego dnia scenografia do spektaklu zacz\u0119\u0142a nabiera\u0107 realnych kszta\u0142t\u00f3w, a przyszli aktorzy bardzo dobrze zapoznali si\u0119 z tekstem, po czym zosta\u0142y przydzielone role. By\u0142o tw\u00f3rczo, weso\u0142o i bardzo ekspresyjnie.<\/p><p>3.10.2019 r. odby\u0142y si\u0119 warsztaty z promocji wydarzenia, kt\u00f3re poprowadzi\u0142a pani<br \/>Gra\u017cyna Goszczy\u0144ska. Celem tego przedsi\u0119wzi\u0119cia promocja spektaklu, tote\u017c uczniowie<br \/>zaj\u0119li si\u0119 tworzeniem afiszu teatralnego, ulotek i promocj\u0105 wydarzenia w mediach spo\u0142eczno\u015bciowych. Tego dnia grupa warsztatowa wymy\u015bli\u0142a tytu\u0142 przedstawienia \u201eTuwimowa mowa czyli gdzie si\u0119 rzepka chowa\u201d.<\/p><p>Uwaga! Projekt realizowany jest w ramach Programu Narodowego Centrum Kultury<br \/>Bardzo M\u0142oda Kultura 2019-2021. Operatorem Programu w wojew\u00f3dztwie pomorskim jest Instytut Kultury Miejskiej, instytucja kultury Miasta Gda\u0144ska realizowany przez Mediatek\u0119 Straszynie oraz Szko\u0142\u0119 Podstawow\u0105 w Straszynie.<\/p><p>Terminy wystawienia spektaklu: 15.10.2019 r. 17:00 scena w OKSiBP w Cieplewie oraz 23.10.2019 r. Gminne Przedszkole w Straszynie.<\/p><p>Monika Osi\u0144ska<\/p>\t\t\t\t\t\t\t\t<\/div>\n\t\t\t\t<\/div>\n\t\t\t\t\t<\/div>\n\t\t<\/div>\n\t\t\t\t\t<\/div>\n\t\t<\/section>\n\t\t\t\t<section class=\"elementor-section elementor-top-section elementor-element elementor-element-b48e50b elementor-section-boxed elementor-section-height-default elementor-section-height-default\" data-id=\"b48e50b\" data-element_type=\"section\" data-e-type=\"section\">\n\t\t\t\t\t\t<div class=\"elementor-container elementor-column-gap-default\">\n\t\t\t\t\t<div class=\"elementor-column elementor-col-100 elementor-top-column elementor-element elementor-element-f130a0b\" data-id=\"f130a0b\" data-element_type=\"column\" data-e-type=\"column\">\n\t\t\t<div class=\"elementor-widget-wrap elementor-element-populated\">\n\t\t\t\t\t\t<div class=\"elementor-element elementor-element-9c0639f elementor-widget elementor-widget-image\" data-id=\"9c0639f\" data-element_type=\"widget\" data-e-type=\"widget\" data-widget_type=\"image.default\">\n\t\t\t\t<div class=\"elementor-widget-container\">\n\t\t\t\t\t\t\t\t\t\t\t\t\t\t\t<img fetchpriority=\"high\" decoding=\"async\" width=\"960\" height=\"467\" src=\"https:\/\/szkolastraszyn.pruszczgdanski.pl\/wp-content\/uploads\/2019\/10\/72592619_429562341026045_8308290874614218752_n.jpg\" class=\"attachment-large size-large wp-image-3410\" alt=\"\" srcset=\"https:\/\/szkolastraszyn.pruszczgdanski.pl\/wp-content\/uploads\/2019\/10\/72592619_429562341026045_8308290874614218752_n.jpg 987w, https:\/\/szkolastraszyn.pruszczgdanski.pl\/wp-content\/uploads\/2019\/10\/72592619_429562341026045_8308290874614218752_n-300x146.jpg 300w, https:\/\/szkolastraszyn.pruszczgdanski.pl\/wp-content\/uploads\/2019\/10\/72592619_429562341026045_8308290874614218752_n-768x373.jpg 768w\" sizes=\"(max-width: 960px) 100vw, 960px\" \/>\t\t\t\t\t\t\t\t\t\t\t\t\t\t\t<\/div>\n\t\t\t\t<\/div>\n\t\t\t\t\t<\/div>\n\t\t<\/div>\n\t\t\t\t\t<\/div>\n\t\t<\/section>\n\t\t\t\t<section class=\"elementor-section elementor-top-section elementor-element elementor-element-edea355 elementor-section-boxed elementor-section-height-default elementor-section-height-default\" data-id=\"edea355\" data-element_type=\"section\" data-e-type=\"section\">\n\t\t\t\t\t\t<div class=\"elementor-container elementor-column-gap-default\">\n\t\t\t\t\t<div class=\"elementor-column elementor-col-100 elementor-top-column elementor-element elementor-element-e28c970\" data-id=\"e28c970\" data-element_type=\"column\" data-e-type=\"column\">\n\t\t\t<div class=\"elementor-widget-wrap elementor-element-populated\">\n\t\t\t\t\t\t<div class=\"elementor-element elementor-element-4642641 elementor-widget elementor-widget-image\" data-id=\"4642641\" data-element_type=\"widget\" data-e-type=\"widget\" data-widget_type=\"image.default\">\n\t\t\t\t<div class=\"elementor-widget-container\">\n\t\t\t\t\t\t\t\t\t\t\t\t\t\t\t<img decoding=\"async\" width=\"960\" height=\"720\" src=\"https:\/\/szkolastraszyn.pruszczgdanski.pl\/wp-content\/uploads\/2019\/10\/71916293_2876811369014891_1933153552885088256_n-1024x768.jpg\" class=\"attachment-large size-large wp-image-3409\" alt=\"\" srcset=\"https:\/\/szkolastraszyn.pruszczgdanski.pl\/wp-content\/uploads\/2019\/10\/71916293_2876811369014891_1933153552885088256_n-1024x768.jpg 1024w, https:\/\/szkolastraszyn.pruszczgdanski.pl\/wp-content\/uploads\/2019\/10\/71916293_2876811369014891_1933153552885088256_n-300x225.jpg 300w, https:\/\/szkolastraszyn.pruszczgdanski.pl\/wp-content\/uploads\/2019\/10\/71916293_2876811369014891_1933153552885088256_n-768x576.jpg 768w\" sizes=\"(max-width: 960px) 100vw, 960px\" \/>\t\t\t\t\t\t\t\t\t\t\t\t\t\t\t<\/div>\n\t\t\t\t<\/div>\n\t\t\t\t\t<\/div>\n\t\t<\/div>\n\t\t\t\t\t<\/div>\n\t\t<\/section>\n\t\t\t\t<section class=\"elementor-section elementor-top-section elementor-element elementor-element-75c5a03 elementor-section-boxed elementor-section-height-default elementor-section-height-default\" data-id=\"75c5a03\" data-element_type=\"section\" data-e-type=\"section\">\n\t\t\t\t\t\t<div class=\"elementor-container elementor-column-gap-default\">\n\t\t\t\t\t<div class=\"elementor-column elementor-col-100 elementor-top-column elementor-element elementor-element-34cf7c6\" data-id=\"34cf7c6\" data-element_type=\"column\" data-e-type=\"column\">\n\t\t\t<div class=\"elementor-widget-wrap elementor-element-populated\">\n\t\t\t\t\t\t<div class=\"elementor-element elementor-element-e0fd2e8 elementor-widget elementor-widget-image\" data-id=\"e0fd2e8\" data-element_type=\"widget\" data-e-type=\"widget\" data-widget_type=\"image.default\">\n\t\t\t\t<div class=\"elementor-widget-container\">\n\t\t\t\t\t\t\t\t\t\t\t\t\t\t\t<img decoding=\"async\" width=\"768\" height=\"1024\" src=\"https:\/\/szkolastraszyn.pruszczgdanski.pl\/wp-content\/uploads\/2019\/10\/71340222_411107719605398_5379097490542821376_n-768x1024.jpg\" class=\"attachment-large size-large wp-image-3408\" alt=\"\" srcset=\"https:\/\/szkolastraszyn.pruszczgdanski.pl\/wp-content\/uploads\/2019\/10\/71340222_411107719605398_5379097490542821376_n-768x1024.jpg 768w, https:\/\/szkolastraszyn.pruszczgdanski.pl\/wp-content\/uploads\/2019\/10\/71340222_411107719605398_5379097490542821376_n-225x300.jpg 225w\" sizes=\"(max-width: 768px) 100vw, 768px\" \/>\t\t\t\t\t\t\t\t\t\t\t\t\t\t\t<\/div>\n\t\t\t\t<\/div>\n\t\t\t\t\t<\/div>\n\t\t<\/div>\n\t\t\t\t\t<\/div>\n\t\t<\/section>\n\t\t\t\t<section class=\"elementor-section elementor-top-section elementor-element elementor-element-baed258 elementor-section-boxed elementor-section-height-default elementor-section-height-default\" data-id=\"baed258\" data-element_type=\"section\" data-e-type=\"section\">\n\t\t\t\t\t\t<div class=\"elementor-container elementor-column-gap-default\">\n\t\t\t\t\t<div class=\"elementor-column elementor-col-100 elementor-top-column elementor-element elementor-element-fff2c32\" data-id=\"fff2c32\" data-element_type=\"column\" data-e-type=\"column\">\n\t\t\t<div class=\"elementor-widget-wrap elementor-element-populated\">\n\t\t\t\t\t\t<div class=\"elementor-element elementor-element-83c99e2 elementor-widget elementor-widget-image\" data-id=\"83c99e2\" data-element_type=\"widget\" data-e-type=\"widget\" data-widget_type=\"image.default\">\n\t\t\t\t<div class=\"elementor-widget-container\">\n\t\t\t\t\t\t\t\t\t\t\t\t\t\t\t<img loading=\"lazy\" decoding=\"async\" width=\"960\" height=\"720\" src=\"https:\/\/szkolastraszyn.pruszczgdanski.pl\/wp-content\/uploads\/2019\/10\/72575615_719373875194763_3219304195689545728_n-1024x768.jpg\" class=\"attachment-large size-large wp-image-3407\" alt=\"\" srcset=\"https:\/\/szkolastraszyn.pruszczgdanski.pl\/wp-content\/uploads\/2019\/10\/72575615_719373875194763_3219304195689545728_n-1024x768.jpg 1024w, https:\/\/szkolastraszyn.pruszczgdanski.pl\/wp-content\/uploads\/2019\/10\/72575615_719373875194763_3219304195689545728_n-300x225.jpg 300w, https:\/\/szkolastraszyn.pruszczgdanski.pl\/wp-content\/uploads\/2019\/10\/72575615_719373875194763_3219304195689545728_n-768x576.jpg 768w\" sizes=\"(max-width: 960px) 100vw, 960px\" \/>\t\t\t\t\t\t\t\t\t\t\t\t\t\t\t<\/div>\n\t\t\t\t<\/div>\n\t\t\t\t\t<\/div>\n\t\t<\/div>\n\t\t\t\t\t<\/div>\n\t\t<\/section>\n\t\t\t\t<section class=\"elementor-section elementor-top-section elementor-element elementor-element-cfb8bad elementor-section-boxed elementor-section-height-default elementor-section-height-default\" data-id=\"cfb8bad\" data-element_type=\"section\" data-e-type=\"section\">\n\t\t\t\t\t\t<div class=\"elementor-container elementor-column-gap-default\">\n\t\t\t\t\t<div class=\"elementor-column elementor-col-100 elementor-top-column elementor-element elementor-element-7294528\" data-id=\"7294528\" data-element_type=\"column\" data-e-type=\"column\">\n\t\t\t<div class=\"elementor-widget-wrap elementor-element-populated\">\n\t\t\t\t\t\t<div class=\"elementor-element elementor-element-10d77a6 elementor-widget elementor-widget-image\" data-id=\"10d77a6\" data-element_type=\"widget\" data-e-type=\"widget\" data-widget_type=\"image.default\">\n\t\t\t\t<div class=\"elementor-widget-container\">\n\t\t\t\t\t\t\t\t\t\t\t\t\t\t\t<img loading=\"lazy\" decoding=\"async\" width=\"575\" height=\"768\" src=\"https:\/\/szkolastraszyn.pruszczgdanski.pl\/wp-content\/uploads\/2019\/10\/71959016_681321932354413_5462972747225235456_n.jpg\" class=\"attachment-large size-large wp-image-3406\" alt=\"\" srcset=\"https:\/\/szkolastraszyn.pruszczgdanski.pl\/wp-content\/uploads\/2019\/10\/71959016_681321932354413_5462972747225235456_n.jpg 575w, https:\/\/szkolastraszyn.pruszczgdanski.pl\/wp-content\/uploads\/2019\/10\/71959016_681321932354413_5462972747225235456_n-225x300.jpg 225w\" sizes=\"(max-width: 575px) 100vw, 575px\" \/>\t\t\t\t\t\t\t\t\t\t\t\t\t\t\t<\/div>\n\t\t\t\t<\/div>\n\t\t\t\t\t<\/div>\n\t\t<\/div>\n\t\t\t\t\t<\/div>\n\t\t<\/section>\n\t\t\t\t<section class=\"elementor-section elementor-top-section elementor-element elementor-element-19a272d elementor-section-boxed elementor-section-height-default elementor-section-height-default\" data-id=\"19a272d\" data-element_type=\"section\" data-e-type=\"section\">\n\t\t\t\t\t\t<div class=\"elementor-container elementor-column-gap-default\">\n\t\t\t\t\t<div class=\"elementor-column elementor-col-100 elementor-top-column elementor-element elementor-element-c69671f\" data-id=\"c69671f\" data-element_type=\"column\" data-e-type=\"column\">\n\t\t\t<div class=\"elementor-widget-wrap elementor-element-populated\">\n\t\t\t\t\t\t<div class=\"elementor-element elementor-element-d519522 elementor-widget elementor-widget-image\" data-id=\"d519522\" data-element_type=\"widget\" data-e-type=\"widget\" data-widget_type=\"image.default\">\n\t\t\t\t<div class=\"elementor-widget-container\">\n\t\t\t\t\t\t\t\t\t\t\t\t\t\t\t<img loading=\"lazy\" decoding=\"async\" width=\"960\" height=\"720\" src=\"https:\/\/szkolastraszyn.pruszczgdanski.pl\/wp-content\/uploads\/2019\/10\/71474406_2386806568304365_6025789380566712320_n-1024x768.jpg\" class=\"attachment-large size-large wp-image-3404\" alt=\"\" srcset=\"https:\/\/szkolastraszyn.pruszczgdanski.pl\/wp-content\/uploads\/2019\/10\/71474406_2386806568304365_6025789380566712320_n-1024x768.jpg 1024w, https:\/\/szkolastraszyn.pruszczgdanski.pl\/wp-content\/uploads\/2019\/10\/71474406_2386806568304365_6025789380566712320_n-300x225.jpg 300w, https:\/\/szkolastraszyn.pruszczgdanski.pl\/wp-content\/uploads\/2019\/10\/71474406_2386806568304365_6025789380566712320_n-768x576.jpg 768w\" sizes=\"(max-width: 960px) 100vw, 960px\" \/>\t\t\t\t\t\t\t\t\t\t\t\t\t\t\t<\/div>\n\t\t\t\t<\/div>\n\t\t\t\t\t<\/div>\n\t\t<\/div>\n\t\t\t\t\t<\/div>\n\t\t<\/section>\n\t\t\t\t<\/div>\n\t\t","protected":false},"excerpt":{"rendered":"<p>20 wrze\u015bnia 2019 r. w Szkole Podstawowej w Straszynie w Straszynie odby\u0142y si\u0119 pierwsze warsztaty dotycz\u0105ce realizacji projekt &#8222;TUWIMOWA MOWA. M\u0142odzie\u017c dla dzieci w kulturalnej&#8221; . Animatorzy kultury z Mediateki Gra\u017cyn\u0105 Goszczy\u0144sk\u0105, Izabel\u0105 Papa\u0142\u0105, Zuzann\u0105 Kraszewsk\u0105, Wiolet\u0105 Tokarczuk wraz z uczniami z klas 6-8 oraz nauczycielami Monik\u0105 Osi\u0144sk\u0105, Magdalen\u0105 Nowak, Marzen\u0105 Zi\u0119b\u0105 &#8211; Boruci\u0144sk\u0105 rozpocz\u0119li wsp\u00f3lne przedsi\u0119wzi\u0119cie, kt\u00f3re zako\u0144czy si\u0119 25.10.2019 r. Zamierzeniem projektu &#8222;TUWIMOWA MOWA. M\u0142odzie\u017c dla dzieci w kulturalnej sieci&#8221; jest pokazanie m\u0142odzie\u017cy jak si\u0119 tworzy i realizuje projekt kulturalny. W tym konkretnym przypadku zaproponowali\u015bmy stworzenie spektaklu teatralnego, gdzie tw\u00f3rcami s\u0105 uczestnicy projektu, a odbiorcami dzieci z Gminnego Przedszkola w Straszynie, kt\u00f3re przyj\u0119\u0142o imi\u0119 J. Tuwima. Od samego pocz\u0105tku m\u0142odzie\u017c uto\u017csamia\u0142a si\u0119 z celem, by w jak najwi\u0119kszym stopniu, to ona mia\u0142a wp\u0142yw na efekt ko\u0144cowy, jakim b\u0119dzie wystawienie spektaklu. Istotne s\u0105 r\u00f3wnie\u017c kompetencje nabywane w trakcie pracy w zespo\u0142ach z animatorami kultury i nauczycielami. Podczas projektu uczniowie tworz\u0105 i zarz\u0105dzaj\u0105 nim, dlatego przewidziano szereg aktywno\u015bci: od warsztat\u00f3w z pisania scenariusza, przez zaj\u0119cia z re\u017cyserii, aktorstwa, tworzenia scenografii i kostium\u00f3w a\u017c po warsztaty z zarz\u0105dzania projektem kulturalnym. Doczuwania nad ca\u0142o\u015bci\u0105 grupa wybra\u0142a SUPERPRODUCENTA, kt\u00f3rym zosta\u0142a Zosia Danke z klasy 8 B. 23 i 24. 09. 2019 r. odby\u0142y si\u0119 warsztaty pisarskie prowadzone przez znanego pisarza, tw\u00f3rc\u0119 scenariuszy Daniela Odij\u0119. By\u0142y one bardzo kreatywne, a uczniowie wykazali si\u0119 bardzo oryginalnym podej\u015bciem do interpretacji tekstu Tuwima. Stworzyli oni scenariusz przedstawienia pt. \u201eTuwimowa mowa\u2026\u201d czyli gdzie si\u0119 rzepka chowa\u201d. 26. 09. 2019 r. rozpocz\u0119\u0142y si\u0119 warsztaty ze scenografii prowadzone przez Zuzann\u0119 Kraszewsk\u0105. Uczestnicy, tworz\u0105c spektakl dla ma\u0142ych dzieci, ucz\u0105 si\u0119 planowa\u0107, organizowa\u0107 i kierowa\u0107 procesem tw\u00f3rczym. W weso\u0142ej atmosferze s\u0105 tw\u00f3rcami, gdy\u017c sami przygotowuj\u0105 scenografi\u0119. 27.09.2019 r. zosta\u0142 otwarty kolejny cykl zaj\u0119\u0107 o charakterze warsztatowym z tworzenia kostium\u00f3w. Ich celem jest stworzenie stroj\u00f3w na spektakl. Po kr\u00f3tkim wprowadzeniu teoretycznym i po burzy m\u00f3zg\u00f3w na temat kreowania stroj\u00f3w dla postaci przewidzianych w scenariuszu, uczestnicy wykonali gipsowe maski. By\u0142o przy tym troch\u0119 pracy, mn\u00f3stwo zabawy, a efekt by\u0142 niesamowity. 30.09.2019 r. odby\u0142y si\u0119 warsztaty aktorskie, kt\u00f3re prowadzi znany re\u017cyser Marcin Marzec z Teatru Barnaby. Tym razem spotkanie rozpocz\u0119\u0142o si\u0119 od kr\u00f3tkiej rozgrzewki improwizacyjnej. Nast\u0119pnie uczestnicy do\u015bwiadczali sztuki gry aktorskiej rozgrywaj\u0105c pomi\u0119dzy sob\u0105 r\u00f3\u017cne scenki. Tego dnia scenografia do spektaklu zacz\u0119\u0142a nabiera\u0107 realnych kszta\u0142t\u00f3w, a przyszli aktorzy bardzo dobrze zapoznali si\u0119 z tekstem, po czym zosta\u0142y przydzielone role. By\u0142o tw\u00f3rczo, weso\u0142o i bardzo ekspresyjnie. 3.10.2019 r. odby\u0142y si\u0119 warsztaty z promocji wydarzenia, kt\u00f3re poprowadzi\u0142a pani Gra\u017cyna Goszczy\u0144ska. Celem tego przedsi\u0119wzi\u0119cia promocja spektaklu, tote\u017c uczniowie zaj\u0119li si\u0119 tworzeniem afiszu teatralnego, ulotek i promocj\u0105 wydarzenia w mediach spo\u0142eczno\u015bciowych. Tego dnia grupa warsztatowa wymy\u015bli\u0142a tytu\u0142 przedstawienia \u201eTuwimowa mowa czyli gdzie si\u0119 rzepka chowa\u201d. Uwaga! Projekt realizowany jest w ramach Programu Narodowego Centrum Kultury Bardzo M\u0142oda Kultura 2019-2021. Operatorem Programu w wojew\u00f3dztwie pomorskim jest Instytut Kultury Miejskiej, instytucja kultury Miasta Gda\u0144ska realizowany przez Mediatek\u0119 Straszynie oraz Szko\u0142\u0119 Podstawow\u0105 w Straszynie. Terminy wystawienia spektaklu: 15.10.2019 r. 17:00 scena w OKSiBP w Cieplewie oraz 23.10.2019 r. Gminne Przedszkole w Straszynie. Monika Osi\u0144ska<\/p>\n","protected":false},"author":1,"featured_media":3410,"comment_status":"closed","ping_status":"closed","sticky":false,"template":"","format":"standard","meta":{"footnotes":""},"categories":[28],"tags":[],"class_list":["post-3400","post","type-post","status-publish","format-standard","has-post-thumbnail","hentry","category-archiwum"],"_links":{"self":[{"href":"https:\/\/szkolastraszyn.pruszczgdanski.pl\/index.php?rest_route=\/wp\/v2\/posts\/3400","targetHints":{"allow":["GET"]}}],"collection":[{"href":"https:\/\/szkolastraszyn.pruszczgdanski.pl\/index.php?rest_route=\/wp\/v2\/posts"}],"about":[{"href":"https:\/\/szkolastraszyn.pruszczgdanski.pl\/index.php?rest_route=\/wp\/v2\/types\/post"}],"author":[{"embeddable":true,"href":"https:\/\/szkolastraszyn.pruszczgdanski.pl\/index.php?rest_route=\/wp\/v2\/users\/1"}],"replies":[{"embeddable":true,"href":"https:\/\/szkolastraszyn.pruszczgdanski.pl\/index.php?rest_route=%2Fwp%2Fv2%2Fcomments&post=3400"}],"version-history":[{"count":4,"href":"https:\/\/szkolastraszyn.pruszczgdanski.pl\/index.php?rest_route=\/wp\/v2\/posts\/3400\/revisions"}],"predecessor-version":[{"id":3413,"href":"https:\/\/szkolastraszyn.pruszczgdanski.pl\/index.php?rest_route=\/wp\/v2\/posts\/3400\/revisions\/3413"}],"wp:featuredmedia":[{"embeddable":true,"href":"https:\/\/szkolastraszyn.pruszczgdanski.pl\/index.php?rest_route=\/wp\/v2\/media\/3410"}],"wp:attachment":[{"href":"https:\/\/szkolastraszyn.pruszczgdanski.pl\/index.php?rest_route=%2Fwp%2Fv2%2Fmedia&parent=3400"}],"wp:term":[{"taxonomy":"category","embeddable":true,"href":"https:\/\/szkolastraszyn.pruszczgdanski.pl\/index.php?rest_route=%2Fwp%2Fv2%2Fcategories&post=3400"},{"taxonomy":"post_tag","embeddable":true,"href":"https:\/\/szkolastraszyn.pruszczgdanski.pl\/index.php?rest_route=%2Fwp%2Fv2%2Ftags&post=3400"}],"curies":[{"name":"wp","href":"https:\/\/api.w.org\/{rel}","templated":true}]}}