{"id":1765,"date":"2018-11-26T04:02:49","date_gmt":"2018-11-26T04:02:49","guid":{"rendered":"http:\/\/szkolastraszyn.pruszczgdanski.pl\/?p=1765"},"modified":"2020-10-11T09:13:56","modified_gmt":"2020-10-11T09:13:56","slug":"pomorska-fundacja-bracia-mniejsi","status":"publish","type":"post","link":"https:\/\/szkolastraszyn.pruszczgdanski.pl\/?p=1765","title":{"rendered":"POMORSKA FUNDACJA BRACIA MNIEJSI"},"content":{"rendered":"\t\t<div data-elementor-type=\"wp-post\" data-elementor-id=\"1765\" class=\"elementor elementor-1765 elementor-bc-flex-widget\">\n\t\t\t\t\t\t<section class=\"elementor-section elementor-top-section elementor-element elementor-element-32b3e8d elementor-section-boxed elementor-section-height-default elementor-section-height-default\" data-id=\"32b3e8d\" data-element_type=\"section\" data-e-type=\"section\">\n\t\t\t\t\t\t<div class=\"elementor-container elementor-column-gap-default\">\n\t\t\t\t\t<div class=\"elementor-column elementor-col-100 elementor-top-column elementor-element elementor-element-1ed41e1\" data-id=\"1ed41e1\" data-element_type=\"column\" data-e-type=\"column\">\n\t\t\t<div class=\"elementor-widget-wrap elementor-element-populated\">\n\t\t\t\t\t\t<div class=\"elementor-element elementor-element-432f615 elementor-widget elementor-widget-text-editor\" data-id=\"432f615\" data-element_type=\"widget\" data-e-type=\"widget\" data-widget_type=\"text-editor.default\">\n\t\t\t\t<div class=\"elementor-widget-container\">\n\t\t\t\t\t\t\t\t\t<div class=\"_5w1r _3_om _5wdf\"><div class=\"_4gx_\"><div class=\"_1aa6\"><span class=\"_5yl5\">14.11. 2018 r. Szkolne Ko\u0142o Przyjaci\u00f3\u0142 Zwierz\u0105t w Straszynie, oficjalnie rozpocz\u0119\u0142o przygod\u0119 i wsp\u00f3\u0142prac\u0119<br \/>z Pomorsk\u0105 Fundacj\u0105 Bracia Mniejsi.<br \/>Odwiedzi\u0142a nas Pani Prezes, Ewelina Paszkowiak, kt\u00f3ra przygotowa\u0142a wspania\u0142e zaj\u0119cia i niespodzianki<br \/>dla uczestnik\u00f3w ko\u0142a. <br \/>Dzieci wykaza\u0142y si\u0119 ogromn\u0105 wiedz\u0105 w opiece nad zwierz\u0119tami oraz wiedz\u0105 o nich samych, by\u0142o wiele wzrusze\u0144<br \/>i ogrom u\u015bmiech\u00f3w od Pani Prezes. <br \/>Cz\u0142onkowie ko\u0142a za swoj\u0105 wiedz\u0119 otrzymali odznaki &#8222;Ma\u0142y Wolontariusz&#8221; i obiecali przyst\u0105pi\u0107 do programu oraz<br \/>wspiera\u0107 tych najbardziej potrzebuj\u0105cych.<br \/>Mamy wiele wsp\u00f3lnych plan\u00f3w. Z naszej strony, zrobimy wszystko aby im podo\u0142a\u0107, odznaka zobowi\u0105zuje <img decoding=\"async\" class=\"_1ift _2560 img\" src=\"https:\/\/static.xx.fbcdn.net\/images\/emoji.php\/v9\/fa5\/1.5\/16\/1f642.png\" alt=\"\ud83d\ude42\" \/><br \/>Od Pani Eweliny otrzymali\u015bmy dary dla naszych szkolnych kociak\u00f3w, a my przekazali\u015bmy na Jej r\u0119ce przepi\u0119kne<br \/>drapaki dla fundacyjnych kotk\u00f3w, drapaki wykona\u0142 specjalnie tata jednej z naszych uczennic, Pan Adam Jab\u0142o\u0144ski.<br \/>DZI\u0118KUJEMY!<br \/>Czekamy na kolejne spotkanie z nasz\u0105 ulubion\u0105 Fundacja&#8230;Pozdrawiamy.<\/span><\/div><\/div><\/div>\t\t\t\t\t\t\t\t<\/div>\n\t\t\t\t<\/div>\n\t\t\t\t\t<\/div>\n\t\t<\/div>\n\t\t\t\t\t<\/div>\n\t\t<\/section>\n\t\t\t\t<section class=\"elementor-section elementor-top-section elementor-element elementor-element-0a88568 elementor-section-boxed elementor-section-height-default elementor-section-height-default\" data-id=\"0a88568\" data-element_type=\"section\" data-e-type=\"section\">\n\t\t\t\t\t\t<div class=\"elementor-container elementor-column-gap-default\">\n\t\t\t\t\t<div class=\"elementor-column elementor-col-100 elementor-top-column elementor-element elementor-element-737c1e4\" data-id=\"737c1e4\" data-element_type=\"column\" data-e-type=\"column\">\n\t\t\t<div class=\"elementor-widget-wrap elementor-element-populated\">\n\t\t\t\t\t\t<div class=\"elementor-element elementor-element-3f2fd57 elementor-widget elementor-widget-image\" data-id=\"3f2fd57\" data-element_type=\"widget\" data-e-type=\"widget\" data-widget_type=\"image.default\">\n\t\t\t\t<div class=\"elementor-widget-container\">\n\t\t\t\t\t\t\t\t\t\t\t\t\t\t\t<img fetchpriority=\"high\" decoding=\"async\" width=\"960\" height=\"540\" src=\"https:\/\/szkolastraszyn.pruszczgdanski.pl\/wp-content\/uploads\/2018\/11\/46914975_718623498511074_3416228957312253952_n-1024x576.jpg\" class=\"attachment-large size-large wp-image-1769\" alt=\"\" srcset=\"https:\/\/szkolastraszyn.pruszczgdanski.pl\/wp-content\/uploads\/2018\/11\/46914975_718623498511074_3416228957312253952_n-1024x576.jpg 1024w, https:\/\/szkolastraszyn.pruszczgdanski.pl\/wp-content\/uploads\/2018\/11\/46914975_718623498511074_3416228957312253952_n-300x169.jpg 300w, https:\/\/szkolastraszyn.pruszczgdanski.pl\/wp-content\/uploads\/2018\/11\/46914975_718623498511074_3416228957312253952_n-768x432.jpg 768w, https:\/\/szkolastraszyn.pruszczgdanski.pl\/wp-content\/uploads\/2018\/11\/46914975_718623498511074_3416228957312253952_n.jpg 2048w\" sizes=\"(max-width: 960px) 100vw, 960px\" \/>\t\t\t\t\t\t\t\t\t\t\t\t\t\t\t<\/div>\n\t\t\t\t<\/div>\n\t\t\t\t\t<\/div>\n\t\t<\/div>\n\t\t\t\t\t<\/div>\n\t\t<\/section>\n\t\t\t\t<section class=\"elementor-section elementor-top-section elementor-element elementor-element-2f6dba2 elementor-section-boxed elementor-section-height-default elementor-section-height-default\" data-id=\"2f6dba2\" data-element_type=\"section\" data-e-type=\"section\">\n\t\t\t\t\t\t<div class=\"elementor-container elementor-column-gap-default\">\n\t\t\t\t\t<div class=\"elementor-column elementor-col-100 elementor-top-column elementor-element elementor-element-5df71a2\" data-id=\"5df71a2\" data-element_type=\"column\" data-e-type=\"column\">\n\t\t\t<div class=\"elementor-widget-wrap elementor-element-populated\">\n\t\t\t\t\t\t<div class=\"elementor-element elementor-element-4696338 elementor-widget elementor-widget-image\" data-id=\"4696338\" data-element_type=\"widget\" data-e-type=\"widget\" data-widget_type=\"image.default\">\n\t\t\t\t<div class=\"elementor-widget-container\">\n\t\t\t\t\t\t\t\t\t\t\t\t\t\t\t<img decoding=\"async\" width=\"960\" height=\"540\" src=\"https:\/\/szkolastraszyn.pruszczgdanski.pl\/wp-content\/uploads\/2018\/11\/46638756_2242500022681996_8971965610787340288_n-1024x576.jpg\" class=\"attachment-large size-large wp-image-1768\" alt=\"\" srcset=\"https:\/\/szkolastraszyn.pruszczgdanski.pl\/wp-content\/uploads\/2018\/11\/46638756_2242500022681996_8971965610787340288_n-1024x576.jpg 1024w, https:\/\/szkolastraszyn.pruszczgdanski.pl\/wp-content\/uploads\/2018\/11\/46638756_2242500022681996_8971965610787340288_n-300x169.jpg 300w, https:\/\/szkolastraszyn.pruszczgdanski.pl\/wp-content\/uploads\/2018\/11\/46638756_2242500022681996_8971965610787340288_n-768x432.jpg 768w, https:\/\/szkolastraszyn.pruszczgdanski.pl\/wp-content\/uploads\/2018\/11\/46638756_2242500022681996_8971965610787340288_n.jpg 2048w\" sizes=\"(max-width: 960px) 100vw, 960px\" \/>\t\t\t\t\t\t\t\t\t\t\t\t\t\t\t<\/div>\n\t\t\t\t<\/div>\n\t\t\t\t\t<\/div>\n\t\t<\/div>\n\t\t\t\t\t<\/div>\n\t\t<\/section>\n\t\t\t\t<section class=\"elementor-section elementor-top-section elementor-element elementor-element-943d7bf elementor-section-boxed elementor-section-height-default elementor-section-height-default\" data-id=\"943d7bf\" data-element_type=\"section\" data-e-type=\"section\">\n\t\t\t\t\t\t<div class=\"elementor-container elementor-column-gap-default\">\n\t\t\t\t\t<div class=\"elementor-column elementor-col-100 elementor-top-column elementor-element elementor-element-9758d73\" data-id=\"9758d73\" data-element_type=\"column\" data-e-type=\"column\">\n\t\t\t<div class=\"elementor-widget-wrap elementor-element-populated\">\n\t\t\t\t\t\t<div class=\"elementor-element elementor-element-0c99b97 elementor-widget elementor-widget-image\" data-id=\"0c99b97\" data-element_type=\"widget\" data-e-type=\"widget\" data-widget_type=\"image.default\">\n\t\t\t\t<div class=\"elementor-widget-container\">\n\t\t\t\t\t\t\t\t\t\t\t\t\t\t\t<img decoding=\"async\" width=\"960\" height=\"540\" src=\"https:\/\/szkolastraszyn.pruszczgdanski.pl\/wp-content\/uploads\/2018\/11\/46503366_913168512206335_742049909275885568_n-1024x576.jpg\" class=\"attachment-large size-large wp-image-1767\" alt=\"\" srcset=\"https:\/\/szkolastraszyn.pruszczgdanski.pl\/wp-content\/uploads\/2018\/11\/46503366_913168512206335_742049909275885568_n-1024x576.jpg 1024w, https:\/\/szkolastraszyn.pruszczgdanski.pl\/wp-content\/uploads\/2018\/11\/46503366_913168512206335_742049909275885568_n-300x169.jpg 300w, https:\/\/szkolastraszyn.pruszczgdanski.pl\/wp-content\/uploads\/2018\/11\/46503366_913168512206335_742049909275885568_n-768x432.jpg 768w, https:\/\/szkolastraszyn.pruszczgdanski.pl\/wp-content\/uploads\/2018\/11\/46503366_913168512206335_742049909275885568_n.jpg 2048w\" sizes=\"(max-width: 960px) 100vw, 960px\" \/>\t\t\t\t\t\t\t\t\t\t\t\t\t\t\t<\/div>\n\t\t\t\t<\/div>\n\t\t\t\t\t<\/div>\n\t\t<\/div>\n\t\t\t\t\t<\/div>\n\t\t<\/section>\n\t\t\t\t<section class=\"elementor-section elementor-top-section elementor-element elementor-element-407533f elementor-section-boxed elementor-section-height-default elementor-section-height-default\" data-id=\"407533f\" data-element_type=\"section\" data-e-type=\"section\">\n\t\t\t\t\t\t<div class=\"elementor-container elementor-column-gap-default\">\n\t\t\t\t\t<div class=\"elementor-column elementor-col-100 elementor-top-column elementor-element elementor-element-7d54530\" data-id=\"7d54530\" data-element_type=\"column\" data-e-type=\"column\">\n\t\t\t<div class=\"elementor-widget-wrap elementor-element-populated\">\n\t\t\t\t\t\t<div class=\"elementor-element elementor-element-3a6b713 elementor-widget elementor-widget-image\" data-id=\"3a6b713\" data-element_type=\"widget\" data-e-type=\"widget\" data-widget_type=\"image.default\">\n\t\t\t\t<div class=\"elementor-widget-container\">\n\t\t\t\t\t\t\t\t\t\t\t\t\t\t\t<img loading=\"lazy\" decoding=\"async\" width=\"960\" height=\"540\" src=\"https:\/\/szkolastraszyn.pruszczgdanski.pl\/wp-content\/uploads\/2018\/11\/46479697_585181745246562_3862939503517761536_n-1024x576.jpg\" class=\"attachment-large size-large wp-image-1766\" alt=\"\" srcset=\"https:\/\/szkolastraszyn.pruszczgdanski.pl\/wp-content\/uploads\/2018\/11\/46479697_585181745246562_3862939503517761536_n-1024x576.jpg 1024w, https:\/\/szkolastraszyn.pruszczgdanski.pl\/wp-content\/uploads\/2018\/11\/46479697_585181745246562_3862939503517761536_n-300x169.jpg 300w, https:\/\/szkolastraszyn.pruszczgdanski.pl\/wp-content\/uploads\/2018\/11\/46479697_585181745246562_3862939503517761536_n-768x432.jpg 768w, https:\/\/szkolastraszyn.pruszczgdanski.pl\/wp-content\/uploads\/2018\/11\/46479697_585181745246562_3862939503517761536_n.jpg 2048w\" sizes=\"(max-width: 960px) 100vw, 960px\" \/>\t\t\t\t\t\t\t\t\t\t\t\t\t\t\t<\/div>\n\t\t\t\t<\/div>\n\t\t\t\t\t<\/div>\n\t\t<\/div>\n\t\t\t\t\t<\/div>\n\t\t<\/section>\n\t\t\t\t<\/div>\n\t\t","protected":false},"excerpt":{"rendered":"<p>14.11. 2018 r. Szkolne Ko\u0142o Przyjaci\u00f3\u0142 Zwierz\u0105t w Straszynie, oficjalnie rozpocz\u0119\u0142o przygod\u0119 i wsp\u00f3\u0142prac\u0119 z Pomorsk\u0105 Fundacj\u0105 Bracia Mniejsi. Odwiedzi\u0142a nas Pani Prezes, Ewelina Paszkowiak, kt\u00f3ra przygotowa\u0142a wspania\u0142e zaj\u0119cia i niespodzianki dla uczestnik\u00f3w ko\u0142a. Dzieci wykaza\u0142y si\u0119 ogromn\u0105 wiedz\u0105 w opiece nad zwierz\u0119tami oraz wiedz\u0105 o nich samych, by\u0142o wiele wzrusze\u0144 i ogrom u\u015bmiech\u00f3w od Pani Prezes. Cz\u0142onkowie ko\u0142a za swoj\u0105 wiedz\u0119 otrzymali odznaki &#8222;Ma\u0142y Wolontariusz&#8221; i obiecali przyst\u0105pi\u0107 do programu oraz wspiera\u0107 tych najbardziej potrzebuj\u0105cych. Mamy wiele wsp\u00f3lnych plan\u00f3w. Z naszej strony, zrobimy wszystko aby im podo\u0142a\u0107, odznaka zobowi\u0105zuje Od Pani Eweliny otrzymali\u015bmy dary dla naszych szkolnych kociak\u00f3w, a my przekazali\u015bmy na Jej r\u0119ce przepi\u0119kne drapaki dla fundacyjnych kotk\u00f3w, drapaki wykona\u0142 specjalnie tata jednej z naszych uczennic, Pan Adam Jab\u0142o\u0144ski. DZI\u0118KUJEMY! Czekamy na kolejne spotkanie z nasz\u0105 ulubion\u0105 Fundacja&#8230;Pozdrawiamy.<\/p>\n","protected":false},"author":1,"featured_media":1766,"comment_status":"closed","ping_status":"closed","sticky":false,"template":"","format":"standard","meta":{"footnotes":""},"categories":[28],"tags":[],"class_list":["post-1765","post","type-post","status-publish","format-standard","has-post-thumbnail","hentry","category-archiwum"],"_links":{"self":[{"href":"https:\/\/szkolastraszyn.pruszczgdanski.pl\/index.php?rest_route=\/wp\/v2\/posts\/1765","targetHints":{"allow":["GET"]}}],"collection":[{"href":"https:\/\/szkolastraszyn.pruszczgdanski.pl\/index.php?rest_route=\/wp\/v2\/posts"}],"about":[{"href":"https:\/\/szkolastraszyn.pruszczgdanski.pl\/index.php?rest_route=\/wp\/v2\/types\/post"}],"author":[{"embeddable":true,"href":"https:\/\/szkolastraszyn.pruszczgdanski.pl\/index.php?rest_route=\/wp\/v2\/users\/1"}],"replies":[{"embeddable":true,"href":"https:\/\/szkolastraszyn.pruszczgdanski.pl\/index.php?rest_route=%2Fwp%2Fv2%2Fcomments&post=1765"}],"version-history":[{"count":4,"href":"https:\/\/szkolastraszyn.pruszczgdanski.pl\/index.php?rest_route=\/wp\/v2\/posts\/1765\/revisions"}],"predecessor-version":[{"id":4917,"href":"https:\/\/szkolastraszyn.pruszczgdanski.pl\/index.php?rest_route=\/wp\/v2\/posts\/1765\/revisions\/4917"}],"wp:featuredmedia":[{"embeddable":true,"href":"https:\/\/szkolastraszyn.pruszczgdanski.pl\/index.php?rest_route=\/wp\/v2\/media\/1766"}],"wp:attachment":[{"href":"https:\/\/szkolastraszyn.pruszczgdanski.pl\/index.php?rest_route=%2Fwp%2Fv2%2Fmedia&parent=1765"}],"wp:term":[{"taxonomy":"category","embeddable":true,"href":"https:\/\/szkolastraszyn.pruszczgdanski.pl\/index.php?rest_route=%2Fwp%2Fv2%2Fcategories&post=1765"},{"taxonomy":"post_tag","embeddable":true,"href":"https:\/\/szkolastraszyn.pruszczgdanski.pl\/index.php?rest_route=%2Fwp%2Fv2%2Ftags&post=1765"}],"curies":[{"name":"wp","href":"https:\/\/api.w.org\/{rel}","templated":true}]}}