{"id":1744,"date":"2018-11-23T11:53:10","date_gmt":"2018-11-23T11:53:10","guid":{"rendered":"http:\/\/szkolastraszyn.pruszczgdanski.pl\/?p=1744"},"modified":"2020-10-11T09:14:24","modified_gmt":"2020-10-11T09:14:24","slug":"zbiorka-zakonczona","status":"publish","type":"post","link":"https:\/\/szkolastraszyn.pruszczgdanski.pl\/?p=1744","title":{"rendered":"Zbi\u00f3rka zako\u0144czona :)"},"content":{"rendered":"\t\t<div data-elementor-type=\"wp-post\" data-elementor-id=\"1744\" class=\"elementor elementor-1744 elementor-bc-flex-widget\">\n\t\t\t\t\t\t<section class=\"elementor-section elementor-top-section elementor-element elementor-element-4c9d40a elementor-section-boxed elementor-section-height-default elementor-section-height-default\" data-id=\"4c9d40a\" data-element_type=\"section\" data-e-type=\"section\">\n\t\t\t\t\t\t<div class=\"elementor-container elementor-column-gap-default\">\n\t\t\t\t\t<div class=\"elementor-column elementor-col-100 elementor-top-column elementor-element elementor-element-2e4f563\" data-id=\"2e4f563\" data-element_type=\"column\" data-e-type=\"column\">\n\t\t\t<div class=\"elementor-widget-wrap elementor-element-populated\">\n\t\t\t\t\t\t<div class=\"elementor-element elementor-element-b3065ac elementor-widget elementor-widget-text-editor\" data-id=\"b3065ac\" data-element_type=\"widget\" data-e-type=\"widget\" data-widget_type=\"text-editor.default\">\n\t\t\t\t<div class=\"elementor-widget-container\">\n\t\t\t\t\t\t\t\t\t<div id=\"js_pp\" class=\"_5pbx userContent _3576\" data-ad-preview=\"message\" data-ft=\"{&quot;tn&quot;:&quot;K&quot;}\"><p style=\"text-align: center;\">Wszyscy uczniowie naszej szko\u0142y w\u0142\u0105czyli si\u0119 w zbi\u00f3rk\u0119 misi\u00f3w i materia\u0142\u00f3w plastycznych organizow\u0105 przez Fundacj\u0119 \u201eMam Marzenie\u201d. Ka\u017cdego dnia uczniowie przynosili nowe pluszaki, bloki, kredki, bibu\u0142y i plastelin\u0119. Wolontariuszki Szkolnego Ko\u0142a Wolontariuszy Dobrych Duszy wykaza\u0142y du\u017ce zaanga\u017cowanie odwiedzaj\u0105c wszystkie klasy i zach\u0119caj\u0105c do udzia\u0142u w akcji. <br \/>W zbi\u00f3rk\u0119 misi\u00f3w w\u0142\u0105czy\u0142a si\u0119 r\u00f3wnie\u017c klasa 3a, kt\u00f3ra podarowa\u0142a swoje kieszonkowe na ten cel. Za uzbieran\u0105 kwot\u0119 wychowawca klasy Pani Barbara Sowa zakupi\u0142a misie.<br \/>Fantastyczny gest!<br \/>Dzi\u0119kujemy wszystkim nauczycielom, uczniom i rodzicom za ogromne serce, ch\u0119\u0107 pomocy i empati\u0119. To dzi\u0119ki Wam nasza wsp\u00f3lna akcja przesz\u0142a naj\u015bmielsze oczekiwania, a ponad 100 misi\u00f3w i przybor\u00f3w plastycznych zosta\u0142o spakowanych w 8 ogromnych karton\u00f3w!<br \/>Dzi\u0119kujemy! Dzieci na pewno b\u0119d\u0105 szcz\u0119\u015bliwe!<\/p><\/div><div class=\"_3x-2\" data-ft=\"{&quot;tn&quot;:&quot;H&quot;}\"><div data-ft=\"{&quot;tn&quot;:&quot;H&quot;}\"><div class=\"mtm\"><div class=\"_2a2q _65sr\">\u00a0<\/div><\/div><\/div><\/div>\t\t\t\t\t\t\t\t<\/div>\n\t\t\t\t<\/div>\n\t\t\t\t\t<\/div>\n\t\t<\/div>\n\t\t\t\t\t<\/div>\n\t\t<\/section>\n\t\t\t\t<section class=\"elementor-section elementor-top-section elementor-element elementor-element-83d4e27 elementor-section-boxed elementor-section-height-default elementor-section-height-default\" data-id=\"83d4e27\" data-element_type=\"section\" data-e-type=\"section\">\n\t\t\t\t\t\t<div class=\"elementor-container elementor-column-gap-default\">\n\t\t\t\t\t<div class=\"elementor-column elementor-col-100 elementor-top-column elementor-element elementor-element-12be1f0\" data-id=\"12be1f0\" data-element_type=\"column\" data-e-type=\"column\">\n\t\t\t<div class=\"elementor-widget-wrap elementor-element-populated\">\n\t\t\t\t\t\t<div class=\"elementor-element elementor-element-4e654db elementor-widget elementor-widget-image\" data-id=\"4e654db\" data-element_type=\"widget\" data-e-type=\"widget\" data-widget_type=\"image.default\">\n\t\t\t\t<div class=\"elementor-widget-container\">\n\t\t\t\t\t\t\t\t\t\t\t\t\t\t\t<img fetchpriority=\"high\" decoding=\"async\" width=\"960\" height=\"720\" src=\"https:\/\/szkolastraszyn.pruszczgdanski.pl\/wp-content\/uploads\/2018\/11\/46495320_341869753028240_7335554887435943936_n.jpg\" class=\"attachment-large size-large wp-image-1746\" alt=\"\" srcset=\"https:\/\/szkolastraszyn.pruszczgdanski.pl\/wp-content\/uploads\/2018\/11\/46495320_341869753028240_7335554887435943936_n.jpg 960w, https:\/\/szkolastraszyn.pruszczgdanski.pl\/wp-content\/uploads\/2018\/11\/46495320_341869753028240_7335554887435943936_n-300x225.jpg 300w, https:\/\/szkolastraszyn.pruszczgdanski.pl\/wp-content\/uploads\/2018\/11\/46495320_341869753028240_7335554887435943936_n-768x576.jpg 768w\" sizes=\"(max-width: 960px) 100vw, 960px\" \/>\t\t\t\t\t\t\t\t\t\t\t\t\t\t\t<\/div>\n\t\t\t\t<\/div>\n\t\t\t\t\t<\/div>\n\t\t<\/div>\n\t\t\t\t\t<\/div>\n\t\t<\/section>\n\t\t\t\t<section class=\"elementor-section elementor-top-section elementor-element elementor-element-33b4b99 elementor-section-boxed elementor-section-height-default elementor-section-height-default\" data-id=\"33b4b99\" data-element_type=\"section\" data-e-type=\"section\">\n\t\t\t\t\t\t<div class=\"elementor-container elementor-column-gap-default\">\n\t\t\t\t\t<div class=\"elementor-column elementor-col-100 elementor-top-column elementor-element elementor-element-010bcc6\" data-id=\"010bcc6\" data-element_type=\"column\" data-e-type=\"column\">\n\t\t\t<div class=\"elementor-widget-wrap elementor-element-populated\">\n\t\t\t\t\t\t<div class=\"elementor-element elementor-element-03f8941 elementor-widget elementor-widget-image\" data-id=\"03f8941\" data-element_type=\"widget\" data-e-type=\"widget\" data-widget_type=\"image.default\">\n\t\t\t\t<div class=\"elementor-widget-container\">\n\t\t\t\t\t\t\t\t\t\t\t\t\t\t\t<img fetchpriority=\"high\" decoding=\"async\" width=\"960\" height=\"720\" src=\"https:\/\/szkolastraszyn.pruszczgdanski.pl\/wp-content\/uploads\/2018\/11\/46495320_341869753028240_7335554887435943936_n.jpg\" class=\"attachment-large size-large wp-image-1746\" alt=\"\" srcset=\"https:\/\/szkolastraszyn.pruszczgdanski.pl\/wp-content\/uploads\/2018\/11\/46495320_341869753028240_7335554887435943936_n.jpg 960w, https:\/\/szkolastraszyn.pruszczgdanski.pl\/wp-content\/uploads\/2018\/11\/46495320_341869753028240_7335554887435943936_n-300x225.jpg 300w, https:\/\/szkolastraszyn.pruszczgdanski.pl\/wp-content\/uploads\/2018\/11\/46495320_341869753028240_7335554887435943936_n-768x576.jpg 768w\" sizes=\"(max-width: 960px) 100vw, 960px\" \/>\t\t\t\t\t\t\t\t\t\t\t\t\t\t\t<\/div>\n\t\t\t\t<\/div>\n\t\t\t\t\t<\/div>\n\t\t<\/div>\n\t\t\t\t\t<\/div>\n\t\t<\/section>\n\t\t\t\t<\/div>\n\t\t","protected":false},"excerpt":{"rendered":"<p>Wszyscy uczniowie naszej szko\u0142y w\u0142\u0105czyli si\u0119 w zbi\u00f3rk\u0119 misi\u00f3w i materia\u0142\u00f3w plastycznych organizow\u0105 przez Fundacj\u0119 \u201eMam Marzenie\u201d. Ka\u017cdego dnia uczniowie przynosili nowe pluszaki, bloki, kredki, bibu\u0142y i plastelin\u0119. Wolontariuszki Szkolnego Ko\u0142a Wolontariuszy Dobrych Duszy wykaza\u0142y du\u017ce zaanga\u017cowanie odwiedzaj\u0105c wszystkie klasy i zach\u0119caj\u0105c do udzia\u0142u w akcji. W zbi\u00f3rk\u0119 misi\u00f3w w\u0142\u0105czy\u0142a si\u0119 r\u00f3wnie\u017c klasa 3a, kt\u00f3ra podarowa\u0142a swoje kieszonkowe na ten cel. Za uzbieran\u0105 kwot\u0119 wychowawca klasy Pani Barbara Sowa zakupi\u0142a misie. Fantastyczny gest! Dzi\u0119kujemy wszystkim nauczycielom, uczniom i rodzicom za ogromne serce, ch\u0119\u0107 pomocy i empati\u0119. To dzi\u0119ki Wam nasza wsp\u00f3lna akcja przesz\u0142a naj\u015bmielsze oczekiwania, a ponad 100 misi\u00f3w i przybor\u00f3w plastycznych zosta\u0142o spakowanych w 8 ogromnych karton\u00f3w! Dzi\u0119kujemy! Dzieci na pewno b\u0119d\u0105 szcz\u0119\u015bliwe!<\/p>\n","protected":false},"author":1,"featured_media":1745,"comment_status":"closed","ping_status":"closed","sticky":false,"template":"","format":"standard","meta":{"footnotes":""},"categories":[28],"tags":[],"class_list":["post-1744","post","type-post","status-publish","format-standard","has-post-thumbnail","hentry","category-archiwum"],"_links":{"self":[{"href":"https:\/\/szkolastraszyn.pruszczgdanski.pl\/index.php?rest_route=\/wp\/v2\/posts\/1744","targetHints":{"allow":["GET"]}}],"collection":[{"href":"https:\/\/szkolastraszyn.pruszczgdanski.pl\/index.php?rest_route=\/wp\/v2\/posts"}],"about":[{"href":"https:\/\/szkolastraszyn.pruszczgdanski.pl\/index.php?rest_route=\/wp\/v2\/types\/post"}],"author":[{"embeddable":true,"href":"https:\/\/szkolastraszyn.pruszczgdanski.pl\/index.php?rest_route=\/wp\/v2\/users\/1"}],"replies":[{"embeddable":true,"href":"https:\/\/szkolastraszyn.pruszczgdanski.pl\/index.php?rest_route=%2Fwp%2Fv2%2Fcomments&post=1744"}],"version-history":[{"count":4,"href":"https:\/\/szkolastraszyn.pruszczgdanski.pl\/index.php?rest_route=\/wp\/v2\/posts\/1744\/revisions"}],"predecessor-version":[{"id":4919,"href":"https:\/\/szkolastraszyn.pruszczgdanski.pl\/index.php?rest_route=\/wp\/v2\/posts\/1744\/revisions\/4919"}],"wp:featuredmedia":[{"embeddable":true,"href":"https:\/\/szkolastraszyn.pruszczgdanski.pl\/index.php?rest_route=\/wp\/v2\/media\/1745"}],"wp:attachment":[{"href":"https:\/\/szkolastraszyn.pruszczgdanski.pl\/index.php?rest_route=%2Fwp%2Fv2%2Fmedia&parent=1744"}],"wp:term":[{"taxonomy":"category","embeddable":true,"href":"https:\/\/szkolastraszyn.pruszczgdanski.pl\/index.php?rest_route=%2Fwp%2Fv2%2Fcategories&post=1744"},{"taxonomy":"post_tag","embeddable":true,"href":"https:\/\/szkolastraszyn.pruszczgdanski.pl\/index.php?rest_route=%2Fwp%2Fv2%2Ftags&post=1744"}],"curies":[{"name":"wp","href":"https:\/\/api.w.org\/{rel}","templated":true}]}}