{"id":13212,"date":"2025-04-01T06:58:37","date_gmt":"2025-04-01T06:58:37","guid":{"rendered":"https:\/\/szkolastraszyn.pruszczgdanski.pl\/?p=13212"},"modified":"2025-04-01T06:59:30","modified_gmt":"2025-04-01T06:59:30","slug":"konkurs-ekologiczny-2","status":"publish","type":"post","link":"https:\/\/szkolastraszyn.pruszczgdanski.pl\/?p=13212","title":{"rendered":"Konkurs ekologiczny"},"content":{"rendered":"\t\t<div data-elementor-type=\"wp-post\" data-elementor-id=\"13212\" class=\"elementor elementor-13212\">\n\t\t\t\t\t\t<section class=\"elementor-section elementor-top-section elementor-element elementor-element-ccffacc elementor-section-boxed elementor-section-height-default elementor-section-height-default\" data-id=\"ccffacc\" data-element_type=\"section\" data-e-type=\"section\">\n\t\t\t\t\t\t<div class=\"elementor-container elementor-column-gap-default\">\n\t\t\t\t\t<div class=\"elementor-column elementor-col-50 elementor-top-column elementor-element elementor-element-9a4ac89\" data-id=\"9a4ac89\" data-element_type=\"column\" data-e-type=\"column\">\n\t\t\t<div class=\"elementor-widget-wrap elementor-element-populated\">\n\t\t\t\t\t\t<div class=\"elementor-element elementor-element-fcbd8fb elementor-widget elementor-widget-image\" data-id=\"fcbd8fb\" data-element_type=\"widget\" data-e-type=\"widget\" data-widget_type=\"image.default\">\n\t\t\t\t<div class=\"elementor-widget-container\">\n\t\t\t\t\t\t\t\t\t\t\t\t\t\t\t<img fetchpriority=\"high\" decoding=\"async\" width=\"711\" height=\"1024\" src=\"https:\/\/szkolastraszyn.pruszczgdanski.pl\/wp-content\/uploads\/2025\/04\/IMG_20250331_084201-711x1024.jpg\" class=\"attachment-large size-large wp-image-13214\" alt=\"\" srcset=\"https:\/\/szkolastraszyn.pruszczgdanski.pl\/wp-content\/uploads\/2025\/04\/IMG_20250331_084201-711x1024.jpg 711w, https:\/\/szkolastraszyn.pruszczgdanski.pl\/wp-content\/uploads\/2025\/04\/IMG_20250331_084201-208x300.jpg 208w, https:\/\/szkolastraszyn.pruszczgdanski.pl\/wp-content\/uploads\/2025\/04\/IMG_20250331_084201-768x1106.jpg 768w, https:\/\/szkolastraszyn.pruszczgdanski.pl\/wp-content\/uploads\/2025\/04\/IMG_20250331_084201-1066x1536.jpg 1066w, https:\/\/szkolastraszyn.pruszczgdanski.pl\/wp-content\/uploads\/2025\/04\/IMG_20250331_084201-1422x2048.jpg 1422w, https:\/\/szkolastraszyn.pruszczgdanski.pl\/wp-content\/uploads\/2025\/04\/IMG_20250331_084201-1140x1642.jpg 1140w, https:\/\/szkolastraszyn.pruszczgdanski.pl\/wp-content\/uploads\/2025\/04\/IMG_20250331_084201-scaled.jpg 1777w\" sizes=\"(max-width: 711px) 100vw, 711px\" \/>\t\t\t\t\t\t\t\t\t\t\t\t\t\t\t<\/div>\n\t\t\t\t<\/div>\n\t\t\t\t\t<\/div>\n\t\t<\/div>\n\t\t\t\t<div class=\"elementor-column elementor-col-50 elementor-top-column elementor-element elementor-element-241e7e9\" data-id=\"241e7e9\" data-element_type=\"column\" data-e-type=\"column\">\n\t\t\t<div class=\"elementor-widget-wrap elementor-element-populated\">\n\t\t\t\t\t\t<div class=\"elementor-element elementor-element-e64959d elementor-widget elementor-widget-text-editor\" data-id=\"e64959d\" data-element_type=\"widget\" data-e-type=\"widget\" data-widget_type=\"text-editor.default\">\n\t\t\t\t<div class=\"elementor-widget-container\">\n\t\t\t\t\t\t\t\t\t<p><span style=\"color: #000000;\"><strong>Konkurs plastyczny dla klas I &#8211; III \u201eEco-instrument muzyczny\u201d<\/strong><\/span><\/p><p>\u00a0<\/p><p><span style=\"color: #000000;\"><strong>Regulamin:<\/strong><\/span><\/p><ol><li><span style=\"color: #000000;\">Tematem konkursu jest wykonanie instrumentu muzycznego z surowc\u00f3w wt\u00f3rnych.<\/span><\/li><\/ol><p>\u00a0<\/p><ol start=\"2\"><li><span style=\"color: #000000;\">Cele konkursu:<\/span><\/li><\/ol><ul><li><span style=\"color: #000000;\">kszta\u0142towanie postaw ekologicznych,<\/span><\/li><li><span style=\"color: #000000;\">promowanie wiedzy na temat recyklingu,<\/span><\/li><li><span style=\"color: #000000;\">rozwijanie tw\u00f3rczo\u015bci artystycznej i kreatywno\u015bci,<\/span><\/li><li><span style=\"color: #000000;\">rozwijanie zdolno\u015bci i umiej\u0119tno\u015bci manualnych,<\/span><\/li><li><span style=\"color: #000000;\">rozbudzenie zainteresowania muzyk\u0105.<\/span><\/li><\/ul><p>\u00a0<\/p><ol start=\"3\"><li><span style=\"color: #000000;\">Konkurs skierowany jest do uczni\u00f3w klas I \u2013 III Szko\u0142y Podstawowej w Straszynie.<\/span><\/li><\/ol><p>\u00a0<\/p><ol start=\"4\"><li><span style=\"color: #000000;\">Przebieg konkursu:<\/span><\/li><\/ol><ul><li><span style=\"color: #000000;\">Zadaniem uczestnik\u00f3w jest wykonanie instrumentu muzycznego z surowc\u00f3w wt\u00f3rnych (np. butelek, rolek po papierze, karton\u00f3w, puszek).<\/span><\/li><li><span style=\"color: #000000;\">Format pracy: przestrzenna, wielko\u015b\u0107 prac dowolna, technika \u2013 wed\u0142ug w\u0142asnego pomys\u0142u.<\/span><\/li><li><span style=\"color: #000000;\">Praca powinna by\u0107 oznaczona metryczk\u0105 zawieraj\u0105c\u0105: imi\u0119 i nazwisko ucznia oraz klas\u0119.<\/span><\/li><li><span style=\"color: #000000;\">Prace zostan\u0105 ocenione przez jury.<\/span><\/li><li><span style=\"color: #000000;\">Kryteria oceny prac: samodzielno\u015b\u0107 wykonania pracy, oryginalno\u015b\u0107 i pomys\u0142owo\u015b\u0107, walory estetyczne,<\/span><\/li><li><span style=\"color: #000000;\"><u>Termin sk\u0142adania prac: <\/u><strong><u>do 15.04.2025r.<\/u><\/strong><\/span><\/li><li><span style=\"color: #000000;\">Prac\u0119 nale\u017cy dostarczy\u0107 do sali numer 10 lub 105.<\/span><\/li><li><span style=\"color: #000000;\">Wszystkie prace zostan\u0105 zaprezentowane w szkole w formie wystawy a po jej zako\u0144czeniu zwr\u00f3cone autorom.<\/span><\/li><li><span style=\"color: #000000;\"><u>Rozstrzygni\u0119cie konkursu: <\/u><strong><u>04.2025r.<\/u><\/strong><\/span><\/li><\/ul>\t\t\t\t\t\t\t\t<\/div>\n\t\t\t\t<\/div>\n\t\t\t\t\t<\/div>\n\t\t<\/div>\n\t\t\t\t\t<\/div>\n\t\t<\/section>\n\t\t\t\t<\/div>\n\t\t","protected":false},"excerpt":{"rendered":"<p>Konkurs plastyczny dla klas I &#8211; III \u201eEco-instrument muzyczny\u201d \u00a0 Regulamin: Tematem konkursu jest wykonanie instrumentu muzycznego z surowc\u00f3w wt\u00f3rnych. \u00a0 Cele konkursu: kszta\u0142towanie postaw ekologicznych, promowanie wiedzy na temat recyklingu, rozwijanie tw\u00f3rczo\u015bci artystycznej i kreatywno\u015bci, rozwijanie zdolno\u015bci i umiej\u0119tno\u015bci manualnych, rozbudzenie zainteresowania muzyk\u0105. \u00a0 Konkurs skierowany jest do uczni\u00f3w klas I \u2013 III Szko\u0142y Podstawowej w Straszynie. \u00a0 Przebieg konkursu: Zadaniem uczestnik\u00f3w jest wykonanie instrumentu muzycznego z surowc\u00f3w wt\u00f3rnych (np. butelek, rolek po papierze, karton\u00f3w, puszek). Format pracy: przestrzenna, wielko\u015b\u0107 prac dowolna, technika \u2013 wed\u0142ug w\u0142asnego pomys\u0142u. Praca powinna by\u0107 oznaczona metryczk\u0105 zawieraj\u0105c\u0105: imi\u0119 i nazwisko ucznia oraz klas\u0119. Prace zostan\u0105 ocenione przez jury. Kryteria oceny prac: samodzielno\u015b\u0107 wykonania pracy, oryginalno\u015b\u0107 i pomys\u0142owo\u015b\u0107, walory estetyczne, Termin sk\u0142adania prac: do 15.04.2025r. Prac\u0119 nale\u017cy dostarczy\u0107 do sali numer 10 lub 105. Wszystkie prace zostan\u0105 zaprezentowane w szkole w formie wystawy a po jej zako\u0144czeniu zwr\u00f3cone autorom. Rozstrzygni\u0119cie konkursu: 04.2025r.<\/p>\n","protected":false},"author":1,"featured_media":0,"comment_status":"closed","ping_status":"closed","sticky":false,"template":"","format":"standard","meta":{"footnotes":""},"categories":[20,3,4],"tags":[],"class_list":["post-13212","post","type-post","status-publish","format-standard","hentry","category-aktualnosci","category-rodzice","category-uczniowie"],"_links":{"self":[{"href":"https:\/\/szkolastraszyn.pruszczgdanski.pl\/index.php?rest_route=\/wp\/v2\/posts\/13212","targetHints":{"allow":["GET"]}}],"collection":[{"href":"https:\/\/szkolastraszyn.pruszczgdanski.pl\/index.php?rest_route=\/wp\/v2\/posts"}],"about":[{"href":"https:\/\/szkolastraszyn.pruszczgdanski.pl\/index.php?rest_route=\/wp\/v2\/types\/post"}],"author":[{"embeddable":true,"href":"https:\/\/szkolastraszyn.pruszczgdanski.pl\/index.php?rest_route=\/wp\/v2\/users\/1"}],"replies":[{"embeddable":true,"href":"https:\/\/szkolastraszyn.pruszczgdanski.pl\/index.php?rest_route=%2Fwp%2Fv2%2Fcomments&post=13212"}],"version-history":[{"count":4,"href":"https:\/\/szkolastraszyn.pruszczgdanski.pl\/index.php?rest_route=\/wp\/v2\/posts\/13212\/revisions"}],"predecessor-version":[{"id":13217,"href":"https:\/\/szkolastraszyn.pruszczgdanski.pl\/index.php?rest_route=\/wp\/v2\/posts\/13212\/revisions\/13217"}],"wp:attachment":[{"href":"https:\/\/szkolastraszyn.pruszczgdanski.pl\/index.php?rest_route=%2Fwp%2Fv2%2Fmedia&parent=13212"}],"wp:term":[{"taxonomy":"category","embeddable":true,"href":"https:\/\/szkolastraszyn.pruszczgdanski.pl\/index.php?rest_route=%2Fwp%2Fv2%2Fcategories&post=13212"},{"taxonomy":"post_tag","embeddable":true,"href":"https:\/\/szkolastraszyn.pruszczgdanski.pl\/index.php?rest_route=%2Fwp%2Fv2%2Ftags&post=13212"}],"curies":[{"name":"wp","href":"https:\/\/api.w.org\/{rel}","templated":true}]}}