{"id":10858,"date":"2023-09-04T14:49:11","date_gmt":"2023-09-04T14:49:11","guid":{"rendered":"http:\/\/szkolastraszyn.pruszczgdanski.pl\/?p=10858"},"modified":"2023-10-10T15:47:03","modified_gmt":"2023-10-10T15:47:03","slug":"otwarcie-nowego-skrzydla-szkoly","status":"publish","type":"post","link":"https:\/\/szkolastraszyn.pruszczgdanski.pl\/?p=10858","title":{"rendered":"Otwarcie nowego skrzyd\u0142a szko\u0142y"},"content":{"rendered":"\t\t<div data-elementor-type=\"wp-post\" data-elementor-id=\"10858\" class=\"elementor elementor-10858\">\n\t\t\t\t\t\t<section class=\"elementor-section elementor-top-section elementor-element elementor-element-ee3ec76 elementor-section-boxed elementor-section-height-default elementor-section-height-default\" data-id=\"ee3ec76\" data-element_type=\"section\" data-e-type=\"section\">\n\t\t\t\t\t\t<div class=\"elementor-container elementor-column-gap-default\">\n\t\t\t\t\t<div class=\"elementor-column elementor-col-100 elementor-top-column elementor-element elementor-element-fd23009\" data-id=\"fd23009\" data-element_type=\"column\" data-e-type=\"column\">\n\t\t\t<div class=\"elementor-widget-wrap elementor-element-populated\">\n\t\t\t\t\t\t<div class=\"elementor-element elementor-element-4dae78e elementor-widget elementor-widget-text-editor\" data-id=\"4dae78e\" data-element_type=\"widget\" data-e-type=\"widget\" data-widget_type=\"text-editor.default\">\n\t\t\t\t<div class=\"elementor-widget-container\">\n\t\t\t\t\t\t\t\t\t<h3>Dzisiaj, w dniu rozpocz\u0119cia roku szkolnego 2023\/2024, nast\u0105pi\u0142a uroczyste otwarcie nowego skrzyd\u0142a szko\u0142y. Wst\u0119g\u0119 przeci\u0119li Pani W\u00f3jt Magdalena Ko\u0142odziejczak, Pani Dyrektor Renata Jeli\u0144ska i zaproszeni go\u015bcie. <\/h3><h3>Zapraszamy do fotorelacji na naszym szkolnym Facebooku.<\/h3>\t\t\t\t\t\t\t\t<\/div>\n\t\t\t\t<\/div>\n\t\t\t\t\t<\/div>\n\t\t<\/div>\n\t\t\t\t\t<\/div>\n\t\t<\/section>\n\t\t\t\t<section class=\"elementor-section elementor-top-section elementor-element elementor-element-056bf8c elementor-section-boxed elementor-section-height-default elementor-section-height-default\" data-id=\"056bf8c\" data-element_type=\"section\" data-e-type=\"section\">\n\t\t\t\t\t\t<div class=\"elementor-container elementor-column-gap-default\">\n\t\t\t\t\t<div class=\"elementor-column elementor-col-100 elementor-top-column elementor-element elementor-element-2c49a34\" data-id=\"2c49a34\" data-element_type=\"column\" data-e-type=\"column\">\n\t\t\t<div class=\"elementor-widget-wrap elementor-element-populated\">\n\t\t\t\t\t\t<div class=\"elementor-element elementor-element-1cb503c elementor-widget elementor-widget-image\" data-id=\"1cb503c\" data-element_type=\"widget\" data-e-type=\"widget\" data-widget_type=\"image.default\">\n\t\t\t\t<div class=\"elementor-widget-container\">\n\t\t\t\t\t\t\t\t\t\t\t\t\t\t\t<img fetchpriority=\"high\" decoding=\"async\" width=\"960\" height=\"640\" src=\"https:\/\/szkolastraszyn.pruszczgdanski.pl\/wp-content\/uploads\/2023\/09\/DSC_0233-1024x683.jpg\" class=\"attachment-large size-large wp-image-10860\" alt=\"\" srcset=\"https:\/\/szkolastraszyn.pruszczgdanski.pl\/wp-content\/uploads\/2023\/09\/DSC_0233-1024x683.jpg 1024w, https:\/\/szkolastraszyn.pruszczgdanski.pl\/wp-content\/uploads\/2023\/09\/DSC_0233-300x200.jpg 300w, https:\/\/szkolastraszyn.pruszczgdanski.pl\/wp-content\/uploads\/2023\/09\/DSC_0233-768x512.jpg 768w, https:\/\/szkolastraszyn.pruszczgdanski.pl\/wp-content\/uploads\/2023\/09\/DSC_0233-1536x1024.jpg 1536w, https:\/\/szkolastraszyn.pruszczgdanski.pl\/wp-content\/uploads\/2023\/09\/DSC_0233-2048x1365.jpg 2048w, https:\/\/szkolastraszyn.pruszczgdanski.pl\/wp-content\/uploads\/2023\/09\/DSC_0233-1140x760.jpg 1140w, https:\/\/szkolastraszyn.pruszczgdanski.pl\/wp-content\/uploads\/2023\/09\/DSC_0233-272x182.jpg 272w\" sizes=\"(max-width: 960px) 100vw, 960px\" \/>\t\t\t\t\t\t\t\t\t\t\t\t\t\t\t<\/div>\n\t\t\t\t<\/div>\n\t\t\t\t\t<\/div>\n\t\t<\/div>\n\t\t\t\t\t<\/div>\n\t\t<\/section>\n\t\t\t\t<section class=\"elementor-section elementor-top-section elementor-element elementor-element-99617f5 elementor-section-boxed elementor-section-height-default elementor-section-height-default\" data-id=\"99617f5\" data-element_type=\"section\" data-e-type=\"section\">\n\t\t\t\t\t\t<div class=\"elementor-container elementor-column-gap-default\">\n\t\t\t\t\t<div class=\"elementor-column elementor-col-100 elementor-top-column elementor-element elementor-element-11139f1\" data-id=\"11139f1\" data-element_type=\"column\" data-e-type=\"column\">\n\t\t\t<div class=\"elementor-widget-wrap elementor-element-populated\">\n\t\t\t\t\t\t<div class=\"elementor-element elementor-element-002af1f elementor-widget elementor-widget-image\" data-id=\"002af1f\" data-element_type=\"widget\" data-e-type=\"widget\" data-widget_type=\"image.default\">\n\t\t\t\t<div class=\"elementor-widget-container\">\n\t\t\t\t\t\t\t\t\t\t\t\t\t\t\t<img decoding=\"async\" width=\"960\" height=\"640\" src=\"https:\/\/szkolastraszyn.pruszczgdanski.pl\/wp-content\/uploads\/2023\/09\/DSC_0238-1024x683.jpg\" class=\"attachment-large size-large wp-image-10861\" alt=\"\" srcset=\"https:\/\/szkolastraszyn.pruszczgdanski.pl\/wp-content\/uploads\/2023\/09\/DSC_0238-1024x683.jpg 1024w, https:\/\/szkolastraszyn.pruszczgdanski.pl\/wp-content\/uploads\/2023\/09\/DSC_0238-300x200.jpg 300w, https:\/\/szkolastraszyn.pruszczgdanski.pl\/wp-content\/uploads\/2023\/09\/DSC_0238-768x512.jpg 768w, https:\/\/szkolastraszyn.pruszczgdanski.pl\/wp-content\/uploads\/2023\/09\/DSC_0238-1536x1024.jpg 1536w, https:\/\/szkolastraszyn.pruszczgdanski.pl\/wp-content\/uploads\/2023\/09\/DSC_0238-2048x1365.jpg 2048w, https:\/\/szkolastraszyn.pruszczgdanski.pl\/wp-content\/uploads\/2023\/09\/DSC_0238-1140x760.jpg 1140w, https:\/\/szkolastraszyn.pruszczgdanski.pl\/wp-content\/uploads\/2023\/09\/DSC_0238-272x182.jpg 272w\" sizes=\"(max-width: 960px) 100vw, 960px\" \/>\t\t\t\t\t\t\t\t\t\t\t\t\t\t\t<\/div>\n\t\t\t\t<\/div>\n\t\t\t\t\t<\/div>\n\t\t<\/div>\n\t\t\t\t\t<\/div>\n\t\t<\/section>\n\t\t\t\t<section class=\"elementor-section elementor-top-section elementor-element elementor-element-dbe4639 elementor-section-boxed elementor-section-height-default elementor-section-height-default\" data-id=\"dbe4639\" data-element_type=\"section\" data-e-type=\"section\">\n\t\t\t\t\t\t<div class=\"elementor-container elementor-column-gap-default\">\n\t\t\t\t\t<div class=\"elementor-column elementor-col-100 elementor-top-column elementor-element elementor-element-0995038\" data-id=\"0995038\" data-element_type=\"column\" data-e-type=\"column\">\n\t\t\t<div class=\"elementor-widget-wrap elementor-element-populated\">\n\t\t\t\t\t\t<div class=\"elementor-element elementor-element-3de83ac elementor-widget elementor-widget-image\" data-id=\"3de83ac\" data-element_type=\"widget\" data-e-type=\"widget\" data-widget_type=\"image.default\">\n\t\t\t\t<div class=\"elementor-widget-container\">\n\t\t\t\t\t\t\t\t\t\t\t\t\t\t\t<img decoding=\"async\" width=\"960\" height=\"640\" src=\"https:\/\/szkolastraszyn.pruszczgdanski.pl\/wp-content\/uploads\/2023\/09\/DSC_0252-1024x683.jpg\" class=\"attachment-large size-large wp-image-10862\" alt=\"\" srcset=\"https:\/\/szkolastraszyn.pruszczgdanski.pl\/wp-content\/uploads\/2023\/09\/DSC_0252-1024x683.jpg 1024w, https:\/\/szkolastraszyn.pruszczgdanski.pl\/wp-content\/uploads\/2023\/09\/DSC_0252-300x200.jpg 300w, https:\/\/szkolastraszyn.pruszczgdanski.pl\/wp-content\/uploads\/2023\/09\/DSC_0252-768x512.jpg 768w, https:\/\/szkolastraszyn.pruszczgdanski.pl\/wp-content\/uploads\/2023\/09\/DSC_0252-1536x1024.jpg 1536w, https:\/\/szkolastraszyn.pruszczgdanski.pl\/wp-content\/uploads\/2023\/09\/DSC_0252-2048x1365.jpg 2048w, https:\/\/szkolastraszyn.pruszczgdanski.pl\/wp-content\/uploads\/2023\/09\/DSC_0252-1140x760.jpg 1140w, https:\/\/szkolastraszyn.pruszczgdanski.pl\/wp-content\/uploads\/2023\/09\/DSC_0252-272x182.jpg 272w\" sizes=\"(max-width: 960px) 100vw, 960px\" \/>\t\t\t\t\t\t\t\t\t\t\t\t\t\t\t<\/div>\n\t\t\t\t<\/div>\n\t\t\t\t\t<\/div>\n\t\t<\/div>\n\t\t\t\t\t<\/div>\n\t\t<\/section>\n\t\t\t\t<section class=\"elementor-section elementor-top-section elementor-element elementor-element-7aa7fb3 elementor-section-boxed elementor-section-height-default elementor-section-height-default\" data-id=\"7aa7fb3\" data-element_type=\"section\" data-e-type=\"section\">\n\t\t\t\t\t\t<div class=\"elementor-container elementor-column-gap-default\">\n\t\t\t\t\t<div class=\"elementor-column elementor-col-100 elementor-top-column elementor-element elementor-element-e81e2f4\" data-id=\"e81e2f4\" data-element_type=\"column\" data-e-type=\"column\">\n\t\t\t<div class=\"elementor-widget-wrap elementor-element-populated\">\n\t\t\t\t\t\t<div class=\"elementor-element elementor-element-1d05184 elementor-widget elementor-widget-image\" data-id=\"1d05184\" data-element_type=\"widget\" data-e-type=\"widget\" data-widget_type=\"image.default\">\n\t\t\t\t<div class=\"elementor-widget-container\">\n\t\t\t\t\t\t\t\t\t\t\t\t\t\t\t<img loading=\"lazy\" decoding=\"async\" width=\"960\" height=\"640\" src=\"https:\/\/szkolastraszyn.pruszczgdanski.pl\/wp-content\/uploads\/2023\/09\/DSC_0253-1024x683.jpg\" class=\"attachment-large size-large wp-image-10863\" alt=\"\" srcset=\"https:\/\/szkolastraszyn.pruszczgdanski.pl\/wp-content\/uploads\/2023\/09\/DSC_0253-1024x683.jpg 1024w, https:\/\/szkolastraszyn.pruszczgdanski.pl\/wp-content\/uploads\/2023\/09\/DSC_0253-300x200.jpg 300w, https:\/\/szkolastraszyn.pruszczgdanski.pl\/wp-content\/uploads\/2023\/09\/DSC_0253-768x512.jpg 768w, https:\/\/szkolastraszyn.pruszczgdanski.pl\/wp-content\/uploads\/2023\/09\/DSC_0253-1536x1024.jpg 1536w, https:\/\/szkolastraszyn.pruszczgdanski.pl\/wp-content\/uploads\/2023\/09\/DSC_0253-2048x1365.jpg 2048w, https:\/\/szkolastraszyn.pruszczgdanski.pl\/wp-content\/uploads\/2023\/09\/DSC_0253-1140x760.jpg 1140w, https:\/\/szkolastraszyn.pruszczgdanski.pl\/wp-content\/uploads\/2023\/09\/DSC_0253-272x182.jpg 272w\" sizes=\"(max-width: 960px) 100vw, 960px\" \/>\t\t\t\t\t\t\t\t\t\t\t\t\t\t\t<\/div>\n\t\t\t\t<\/div>\n\t\t\t\t\t<\/div>\n\t\t<\/div>\n\t\t\t\t\t<\/div>\n\t\t<\/section>\n\t\t\t\t<\/div>\n\t\t","protected":false},"excerpt":{"rendered":"<p>Dzisiaj, w dniu rozpocz\u0119cia roku szkolnego 2023\/2024, nast\u0105pi\u0142a uroczyste otwarcie nowego skrzyd\u0142a szko\u0142y. Wst\u0119g\u0119 przeci\u0119li Pani W\u00f3jt Magdalena Ko\u0142odziejczak, Pani Dyrektor Renata Jeli\u0144ska i zaproszeni go\u015bcie. Zapraszamy do fotorelacji na naszym szkolnym Facebooku.<\/p>\n","protected":false},"author":1,"featured_media":0,"comment_status":"closed","ping_status":"closed","sticky":false,"template":"","format":"standard","meta":{"footnotes":""},"categories":[20,3,4],"tags":[],"class_list":["post-10858","post","type-post","status-publish","format-standard","hentry","category-aktualnosci","category-rodzice","category-uczniowie"],"_links":{"self":[{"href":"https:\/\/szkolastraszyn.pruszczgdanski.pl\/index.php?rest_route=\/wp\/v2\/posts\/10858","targetHints":{"allow":["GET"]}}],"collection":[{"href":"https:\/\/szkolastraszyn.pruszczgdanski.pl\/index.php?rest_route=\/wp\/v2\/posts"}],"about":[{"href":"https:\/\/szkolastraszyn.pruszczgdanski.pl\/index.php?rest_route=\/wp\/v2\/types\/post"}],"author":[{"embeddable":true,"href":"https:\/\/szkolastraszyn.pruszczgdanski.pl\/index.php?rest_route=\/wp\/v2\/users\/1"}],"replies":[{"embeddable":true,"href":"https:\/\/szkolastraszyn.pruszczgdanski.pl\/index.php?rest_route=%2Fwp%2Fv2%2Fcomments&post=10858"}],"version-history":[{"count":4,"href":"https:\/\/szkolastraszyn.pruszczgdanski.pl\/index.php?rest_route=\/wp\/v2\/posts\/10858\/revisions"}],"predecessor-version":[{"id":10866,"href":"https:\/\/szkolastraszyn.pruszczgdanski.pl\/index.php?rest_route=\/wp\/v2\/posts\/10858\/revisions\/10866"}],"wp:attachment":[{"href":"https:\/\/szkolastraszyn.pruszczgdanski.pl\/index.php?rest_route=%2Fwp%2Fv2%2Fmedia&parent=10858"}],"wp:term":[{"taxonomy":"category","embeddable":true,"href":"https:\/\/szkolastraszyn.pruszczgdanski.pl\/index.php?rest_route=%2Fwp%2Fv2%2Fcategories&post=10858"},{"taxonomy":"post_tag","embeddable":true,"href":"https:\/\/szkolastraszyn.pruszczgdanski.pl\/index.php?rest_route=%2Fwp%2Fv2%2Ftags&post=10858"}],"curies":[{"name":"wp","href":"https:\/\/api.w.org\/{rel}","templated":true}]}}